{"id":73044,"date":"2026-08-31T18:44:47","date_gmt":"2026-08-31T21:44:47","guid":{"rendered":"https:\/\/fundacionmeri.cl\/?p=73044"},"modified":"2026-08-31T21:09:39","modified_gmt":"2026-09-01T00:09:39","slug":"rumbo-a-canada-desde-la-patagonia-chilena-al-mundo","status":"publish","type":"post","link":"https:\/\/fundacionmeri.cl\/en\/rumbo-a-canada-desde-la-patagonia-chilena-al-mundo\/","title":{"rendered":"\u00a1Rumbo a Canad\u00e1! Desde la Patagonia chilena al mundo"},"content":{"rendered":"<div class=\"wpb-content-wrapper\" id=\"wpb-content-root\"><p>[vc_row][vc_column][vc_column_text css_animation=&#8221;none&#8221;]Hoy, Alejandro P\u00e9rez Matus, asesor cient\u00edfico de Filantrop\u00eda Cort\u00e9s Solari, nos comparte su invitaci\u00f3n camino al 3er Congreso Mundial de Estaciones Marinas (WCMS 2026), que comienza ma\u00f1ana, 1 de septiembre, y se desarrollar\u00e1 hasta el 4 de septiembre en Canad\u00e1.<\/p>\n<p>Junto a Esteban Tapia, director de Reserva Elemental Melimoyu, presentar\u00e1n ante la comunidad cient\u00edfica internacional el potencial de Reserva Elemental Melimoyu, nacida de Fundaci\u00f3n MERI (Melimoyu Ecosystem Research Institute), como estaci\u00f3n cient\u00edfica marina.<\/p>\n<p>Un encuentro que re\u00fane a estaciones marinas de distintos lugares del mundo para fortalecer la colaboraci\u00f3n cient\u00edfica, compartir conocimiento y generar nuevas alianzas frente a los grandes desaf\u00edos que enfrentan nuestros oc\u00e9anos.<\/p>\n<p>En Filantrop\u00eda Cort\u00e9s Solari creemos en una ciencia conectada con los territorios y en la colaboraci\u00f3n como una herramienta fundamental para proteger la biodiversidad.<\/p>\n<p>Desde Melimoyu, seguimos impulsando ciencia y conocimiento para conservar.<br \/>\n<a href=\"https:\/\/event.fourwaves.com\/wcms2026\" target=\"_blank\" rel=\"noopener\">M\u00e1s informaci\u00f3n aqu\u00ed<\/a><br \/>\n[\/vc_column_text][\/vc_column][\/vc_row]<\/p>\n<\/div>","protected":false},"excerpt":{"rendered":"<p>[vc_row][vc_column][vc_column_text css_animation=&#8221;none&#8221;]Hoy, Alejandro P\u00e9rez Matus, asesor cient\u00edfico de Filantrop\u00eda Cort\u00e9s Solari, nos comparte su invitaci\u00f3n camino al 3er Congreso Mundial&#8230;<\/p>\n","protected":false},"author":1,"featured_media":73053,"comment_status":"closed","ping_status":"closed","sticky":false,"template":"","format":"standard","meta":{"footnotes":""},"categories":[2],"tags":[],"class_list":["post-73044","post","type-post","status-publish","format-standard","has-post-thumbnail","category-meri"],"translation":{"provider":"WPGlobus","version":"3.0.5","language":"en","enabled_languages":["es","en"],"languages":{"es":{"title":true,"content":true,"excerpt":false},"en":{"title":false,"content":false,"excerpt":false}}},"menu_order":0,"_links":{"self":[{"href":"https:\/\/fundacionmeri.cl\/en\/wp-json\/wp\/v2\/posts\/73044","targetHints":{"allow":["GET"]}}],"collection":[{"href":"https:\/\/fundacionmeri.cl\/en\/wp-json\/wp\/v2\/posts"}],"about":[{"href":"https:\/\/fundacionmeri.cl\/en\/wp-json\/wp\/v2\/types\/post"}],"author":[{"embeddable":true,"href":"https:\/\/fundacionmeri.cl\/en\/wp-json\/wp\/v2\/users\/1"}],"replies":[{"embeddable":true,"href":"https:\/\/fundacionmeri.cl\/en\/wp-json\/wp\/v2\/comments?post=73044"}],"version-history":[{"count":6,"href":"https:\/\/fundacionmeri.cl\/en\/wp-json\/wp\/v2\/posts\/73044\/revisions"}],"predecessor-version":[{"id":73062,"href":"https:\/\/fundacionmeri.cl\/en\/wp-json\/wp\/v2\/posts\/73044\/revisions\/73062"}],"wp:featuredmedia":[{"embeddable":true,"href":"https:\/\/fundacionmeri.cl\/en\/wp-json\/wp\/v2\/media\/73053"}],"wp:attachment":[{"href":"https:\/\/fundacionmeri.cl\/en\/wp-json\/wp\/v2\/media?parent=73044"}],"wp:term":[{"taxonomy":"category","embeddable":true,"href":"https:\/\/fundacionmeri.cl\/en\/wp-json\/wp\/v2\/categories?post=73044"},{"taxonomy":"post_tag","embeddable":true,"href":"https:\/\/fundacionmeri.cl\/en\/wp-json\/wp\/v2\/tags?post=73044"}],"curies":[{"name":"wp","href":"https:\/\/api.w.org\/{rel}","templated":true}]}}