{"id":72164,"date":"2025-02-04T16:10:53","date_gmt":"2025-02-04T19:10:53","guid":{"rendered":"https:\/\/fundacionmeri.cl\/?p=72164"},"modified":"2025-02-04T16:10:53","modified_gmt":"2025-02-04T19:10:53","slug":"la-tercera-la-extrana-especie-invasora-que-se-expande-silenciosamente-por-la-patagonia","status":"publish","type":"post","link":"https:\/\/fundacionmeri.cl\/en\/la-tercera-la-extrana-especie-invasora-que-se-expande-silenciosamente-por-la-patagonia\/","title":{"rendered":"[La Tercera] La extra\u00f1a especie invasora que se expande silenciosamente por la Patagonia"},"content":{"rendered":"<p>Algo se esconde en el suelo marino de la Patagonia. Una reciente expedici\u00f3n en aguas de la reserva Melimoyu detect\u00f3 una preocupante expansi\u00f3n de Metridium senile, una especie invasora que depreda y desplaza a especies nativas submarinas, lo que podr\u00eda afectar tanto a la biodiversidad del lugar como tambi\u00e9n a los recursos pesqueros claves de la zona \u00bfDe qu\u00e9 se trata esta especie que amenaza el fondo marino del sur de Chile?<\/p>\n<p>Especies locales como erizos, picorocos y otros invertebrados marinos est\u00e1n siendo amenazados en la Patagonia por el aumento de una an\u00e9mona invasora denominada Metridium senile. Este hallazgo fue realizado en la regi\u00f3n de Ays\u00e9n, en la reserva de Melimoyu, por la expedici\u00f3n de la Filantrop\u00eda Cort\u00e9s Solari, a trav\u00e9s de un equipo cient\u00edfico de la <a href=\"https:\/\/fundacionmeri.cl\/\" target=\"_blank\" rel=\"noopener\">Fundaci\u00f3n Meri<\/a>.<\/p>\n<h2>La extra\u00f1a especie invasora que se expande silenciosamente por la Patagonia<\/h2>\n<p>Seg\u00fan reconocen los investigadores, aunque su presencia en la Patagonia Central chilena se confirm\u00f3 por primera vez en 2005, y en 2011 en la Patagonia Norte, en la \u00faltima d\u00e9cada su abundancia ha aumentado de manera significativa. Esta especie, tambi\u00e9n conocida como an\u00e9mona plumosa o esponjosa se encuentra originalmente en los mares del noroeste de Europa y en las costas este y oeste de Am\u00e9rica del Norte. Sin embargo, el las profundidades del mar chileno es considerada como una especie invasora.<\/p>\n<p>Se adhiere a rocas, cantos rodados y en casi cualquier tipo de superficie marina. Las formas m\u00e1s peque\u00f1as habitan debajo de las piedras y en lugares sombreados. A mayores profundidades, las formas m\u00e1s grandes a veces son abundantes en pilotes, tuber\u00edas sumergidas, soportes de muelles y muros portuarios. Es un depredador y atrapa peque\u00f1os organismos que flotan en la corriente. Su dieta consiste principalmente en cop\u00e9podos, larvas de gusanos, moluscos, ascidias, anf\u00edpodos y percebes.<\/p>\n<figure id=\"attachment_11970\" aria-describedby=\"caption-attachment-11970\" style=\"width: 790px\" class=\"wp-caption aligncenter\"><img class=\"size-full wp-image-11970\" src=\"https:\/\/www.filantropiacortessolari.cl\/wp-content\/uploads\/2025\/02\/UU4Q52KQ4FDYLL3FJLSBFJOGMU.avif\" alt=\"\" width=\"790\" height=\"467\" \/><figcaption id=\"caption-attachment-11970\" class=\"wp-caption-text\">Reserva Melimoyu<\/figcaption><\/figure>\n<p>Adem\u00e1s, la an\u00e9mona es hermafrodita prot\u00e1ndrico. Esto quiere decir que comienza su vida como un macho y cambia a ser hembra cuando envejece. Tambi\u00e9n puede aumentar su n\u00famero mediante la reproducci\u00f3n asexual. Un individuo puede sufrir una fisi\u00f3n binaria dividi\u00e9ndose por la mitad y convirti\u00e9ndose en dos organismos. O puede desarrollar brotes que se convierten en nuevos individuos antes de desprenderse. La fragmentaci\u00f3n, tambi\u00e9n conocida como laceraci\u00f3n basal, es otro mecanismo por el cual el n\u00famero de individuos puede aumentar r\u00e1pidamente.<\/p>\n<p>\u201cHoy ocupa grandes \u00e1reas de sustrato bent\u00f3nico, desplazando especies importantes de inter\u00e9s comercial como el erizo rojo. En algunos puntos cubre casi el 100% del fondo rocoso y es particularmente abundante entre los 5 y 15 metros de profundidad, en este canal. Esto afecta gravemente a las comunidades bent\u00f3nicas y transforma h\u00e1bitats previamente dominados por invertebrados nativos\u201d, explica Alejandro P\u00e9rez Matus, investigador de la Pontificia Universidad Cat\u00f3lica de Chile, asesor de FCS y l\u00edder de la expedici\u00f3n.<\/p>\n<figure id=\"attachment_11972\" aria-describedby=\"caption-attachment-11972\" style=\"width: 790px\" class=\"wp-caption aligncenter\"><img class=\"size-full wp-image-11972\" src=\"https:\/\/www.filantropiacortessolari.cl\/wp-content\/uploads\/2025\/02\/ZHFDSV4V4VHPFIIXADZOTH7VPM.avif\" alt=\"\" width=\"790\" height=\"526\" \/><figcaption id=\"caption-attachment-11972\" class=\"wp-caption-text\">Foto: Eduardo Sorensen\/Fundaci\u00f3n Meri<\/figcaption><\/figure>\n<p>La r\u00e1pida propagaci\u00f3n de esta anemona se debe a su reproducci\u00f3n asexual que permite la formaci\u00f3n de grupos clonales densos, lo que le otorga a esta an\u00e9mona una ventaja competitiva frente a otras especies s\u00e9siles como por ejemplo corales, esponjas y otras algas que forman h\u00e1bitat para muchas otras especies. \u201cSu capacidad de reproducci\u00f3n y su resistencia a diferentes condiciones ambientales la convierten en una amenaza seria para la biodiversidad marina\u201d, advierte P\u00e9rez.<\/p>\n<p>La especie es altamente tolerante a variaciones en temperatura, salinidad y ox\u00edgeno disuelto, lo que permite prosperar en entornos perturbados. Puede competir eficientemente con otras especies bent\u00f3nicas, desplaz\u00e1ndolas en ecosistemas fr\u00e1giles, como los fiordos patag\u00f3nicos.<\/p>\n<p>Seg\u00fan el investigador, la acuicultura, especialmente el transporte de choritos (Mytilus chilensis), ha facilitado la expansi\u00f3n de Metridium senile, al proporcionar vectores para su dispersi\u00f3n y liberar sustrato disponible tras la cosecha de bivalvos. Adem\u00e1s, cambios ambientales globales podr\u00edan estar generando condiciones m\u00e1s favorables para su establecimiento y proliferaci\u00f3n en nuevas \u00e1reas.<\/p>\n<p>\u201cEs urgente implementar planes de monitoreo y regulaciones en la acuicultura para controlar su expansi\u00f3n y reducir su impacto en la biodiversidad marina de la Patagonia\u201d, destaca P\u00e9rez.<\/p>\n<p>Este descubrimiento se enmarca en la expedici\u00f3n liderada por <a href=\"https:\/\/fundacionmeri.cl\/\" target=\"_blank\" rel=\"noopener\">Fundaci\u00f3n Meri<\/a>, para monitorear la biodiversidad de la Bah\u00eda de Melilmoyu. El objetivo es establecer una l\u00ednea base ecol\u00f3gica que permita evaluar el estado del ecosistema y los posibles impactos de actividades humanas y fen\u00f3menos naturales en la zona.<\/p>\n<p>\u201cLlevamos m\u00e1s de cinco a\u00f1os investigando los recursos bent\u00f3nicos y corales de la Patagonia Norte, levantando informaci\u00f3n y haciendo un registro fotogr\u00e1fico y audiovisual de la biodiversidad existente en esta zona. Esta informaci\u00f3n es muy preocupante. Se trata de una alerta que nos llama a profundizar y mantener el monitoreo de esta zona, de gran riqueza en biodiversidad y ecol\u00f3gica\u201d, sostiene Francisca Cort\u00e9s Solari, presidenta ejecutiva de Filantrop\u00eda Cort\u00e9s Solari y <a href=\"https:\/\/fundacionmeri.cl\/\" target=\"_blank\" rel=\"noopener\">Fundaci\u00f3n Meri<\/a>.<\/p>\n<p>Fuente: <a href=\"https:\/\/www.latercera.com\/que-pasa\/noticia\/la-extrana-especie-invasora-que-se-expande-silenciosamente-por-la-patagonia\/BOAHLRPBBZFLJB4P46M7FXF53M\/\" target=\"_blank\" rel=\"noopener\">La Tercera<\/a><\/p>\n","protected":false},"excerpt":{"rendered":"<p>Algo se esconde en el suelo marino de la Patagonia. Una reciente expedici\u00f3n en aguas de la reserva Melimoyu detect\u00f3&#8230;<\/p>\n","protected":false},"author":1,"featured_media":72165,"comment_status":"closed","ping_status":"closed","sticky":false,"template":"","format":"standard","meta":{"footnotes":""},"categories":[2],"tags":[],"class_list":{"0":"post-72164","1":"post","2":"type-post","3":"status-publish","4":"format-standard","5":"has-post-thumbnail","7":"category-meri"},"translation":{"provider":"WPGlobus","version":"3.0.2","language":"en","enabled_languages":["es","en"],"languages":{"es":{"title":true,"content":true,"excerpt":false},"en":{"title":false,"content":false,"excerpt":false}}},"menu_order":0,"_links":{"self":[{"href":"https:\/\/fundacionmeri.cl\/en\/wp-json\/wp\/v2\/posts\/72164","targetHints":{"allow":["GET"]}}],"collection":[{"href":"https:\/\/fundacionmeri.cl\/en\/wp-json\/wp\/v2\/posts"}],"about":[{"href":"https:\/\/fundacionmeri.cl\/en\/wp-json\/wp\/v2\/types\/post"}],"author":[{"embeddable":true,"href":"https:\/\/fundacionmeri.cl\/en\/wp-json\/wp\/v2\/users\/1"}],"replies":[{"embeddable":true,"href":"https:\/\/fundacionmeri.cl\/en\/wp-json\/wp\/v2\/comments?post=72164"}],"version-history":[{"count":2,"href":"https:\/\/fundacionmeri.cl\/en\/wp-json\/wp\/v2\/posts\/72164\/revisions"}],"predecessor-version":[{"id":72168,"href":"https:\/\/fundacionmeri.cl\/en\/wp-json\/wp\/v2\/posts\/72164\/revisions\/72168"}],"wp:featuredmedia":[{"embeddable":true,"href":"https:\/\/fundacionmeri.cl\/en\/wp-json\/wp\/v2\/media\/72165"}],"wp:attachment":[{"href":"https:\/\/fundacionmeri.cl\/en\/wp-json\/wp\/v2\/media?parent=72164"}],"wp:term":[{"taxonomy":"category","embeddable":true,"href":"https:\/\/fundacionmeri.cl\/en\/wp-json\/wp\/v2\/categories?post=72164"},{"taxonomy":"post_tag","embeddable":true,"href":"https:\/\/fundacionmeri.cl\/en\/wp-json\/wp\/v2\/tags?post=72164"}],"curies":[{"name":"wp","href":"https:\/\/api.w.org\/{rel}","templated":true}]}}