{"id":70892,"date":"2023-02-10T11:09:13","date_gmt":"2023-02-10T14:09:13","guid":{"rendered":"https:\/\/fundacionmeri.cl\/?p=70892"},"modified":"2023-02-21T11:10:56","modified_gmt":"2023-02-21T14:10:56","slug":"lun-espectacular-video-capta-a-ballena-jorobada-comiendo-frente-a-tocopilla","status":"publish","type":"post","link":"https:\/\/fundacionmeri.cl\/en\/lun-espectacular-video-capta-a-ballena-jorobada-comiendo-frente-a-tocopilla\/","title":{"rendered":"[LUN] Espectacular video capta a ballena jorobada comiendo frente a Tocopilla"},"content":{"rendered":"<p>Este lunes era un d\u00eda m\u00e1s de trabajo para C\u00e9sar Rojas Arce, buzo comercial de Tocopilla, regi\u00f3n de Antofagasta. \u201cComo todas las semanas, estaba haciendo la inspecci\u00f3n peri\u00f3dica de la succi\u00f3n de agua de la planta desaladora, cerca de la playa el Remanso. Parte de mi trabajo es realizar la mantenci\u00f3n de las mallas anti medusas\u201d, cuenta el trabajador de 53 a\u00f1os.<\/p>\n<p>Hasta que a eso de las 10 de la ma\u00f1ana, se dio cuenta de que \u201ca no m\u00e1s de 20 metros, vimos una ballena que estaba dando vueltas cerca de nuestro bote. Volvimos al bote y la grab\u00e9\u201d.<\/p>\n<p>El video que result\u00f3 de ese contacto muestra a la ballena a poca distancia de la orilla de la playa. El animal abre su boca por varios segundos y luego la cierra para hundirse en el agua por unos segundos, hasta que vuelve a salir para dar vueltas y sacar su cola del agua.<\/p>\n<p>\u201cSoy de Tocopilla y voy, al menos, dos veces al mes a ese lugar. Nunca hab\u00eda visto una ballena tan cerca de la orilla. Estaba a no m\u00e1s de 50 metros de la playa y la profundidad en ese lugar es de entre 10 y 30 metros\u201d, dice el buzo.<\/p>\n<p>\u201cFue una experiencia \u00fanica, porque estuvimos muy cerca de ella. A las 12 me fui del lugar y la ballena segu\u00eda ah\u00ed, pero se hab\u00eda movido un poco m\u00e1s al sur\u201d, relata Rojas Arce.<\/p>\n<h2>Aliment\u00e1ndose<\/h2>\n<p>\u201cEs una jorobada aliment\u00e1ndose, por eso abre tanto la boca\u201d, comenta <a href=\"https:\/\/fundacionmeri.cl\/sonia-espanol-jimenez\/\">Sonia Espa\u00f1ol<\/a>, directora ejecutiva de la fundaci\u00f3n MERI, que realiza estudios cient\u00edficos para la conservaci\u00f3n de los ecosistemas.<\/p>\n<p>Luis Bedri\u00f1ana, doctor en biolog\u00eda marina de la Universidad Austral e investigador del centro de investigaci\u00f3n oceanogr\u00e1fica Copas Coastal, confirma: \u201cSi bien en el video no se alcanza a ver la presa, lo m\u00e1s probable es que estaba comiendo anchoveta o sardina. En esos sectores se forman card\u00famenes que quedan atrapados en la costa. Por lo mismo se ven lobos marinos cerca de la ballena. Ellos tambi\u00e9n deben haber estado comiendo en el lugar\u201d, a\u00f1ade Bedri\u00f1ana.<\/p>\n<p>El bi\u00f3logo marino explica que \u201clo que hace al abrir la boca de esa forma es meter todo el cardumen, con agua y todo, dentro de su boca\u201d. Luego, \u201csi pudi\u00e9semos ver debajo del agua, lo que sucede es que infla la parte de abajo de la mand\u00edbula, pues se llena de agua y peces. Lo que hace despu\u00e9s es cerrar la boca y hundirse para expulsar el agua empuj\u00e1ndola con la lengua a trav\u00e9s de sus barbas\u201d.<\/p>\n<p>Las barbas de las ballenas son estructuras hechas de queratina (el mismo material que el pelo humano) que sirven de filtro para los cet\u00e1ceos. \u201cEntonces, con la lengua empuja el agua, as\u00ed la bota y se queda con la comida atrapada en las barbas, que luego se la traga, cuando ya ha botado toda el agua\u201d, detalla el investigador.<\/p>\n<p>Para Luis Bedri\u00f1ana, lo interesante del video es que \u201clas ballenas jorobadas del Pac\u00edfico sur tienen tres zonas de alimentaci\u00f3n reconocidas y estudiadas. Est\u00e1n en la Ant\u00e1rtica, Magallanes y en la ecorregi\u00f3n de Chilo\u00e9 y Ays\u00e9n. Durante los \u00faltimos a\u00f1os se ha visto que han empezado a aparecer en zonas m\u00e1s al norte, principalmente en esta \u00e9poca del a\u00f1o. Por ejemplo, el a\u00f1o pasado se divisaron en Valdivia\u201d.<\/p>\n<p>-Pero esto es mucho m\u00e1s al norte\u2026<\/p>\n<p>-La hip\u00f3tesis que hay sobre esto es que, como se han dejado de cazar ballenas, ellas han ido recuperando territorio. Comenzaron a reutilizar otras zonas que ocupaban antes de la caza ballenera.<\/p>\n<p>-\u00bfY es raro verlas en solitario y tan cerca de la orilla?<\/p>\n<p>-Por lo general en las zonas de alimentaci\u00f3n forman grupos peque\u00f1os, pero no es extra\u00f1o ver algunos ejemplares solitarios. Tampoco es raro que est\u00e9n tan cerca de la orilla. Se han visto ballenas azules a una distancia similar en playas de la regi\u00f3n de Los Lagos. Y si est\u00e1 ah\u00ed, es porque puede llegar y tiene la capacidad de maniobrar. Es probable que sea un ejemplar juvenil.<\/p>\n<p align=\"center\"><iframe width=\"560\" height=\"315\" src=\"https:\/\/www.youtube.com\/embed\/3S-Av9hhy7w\" title=\"YouTube video player\" frameborder=\"0\" allow=\"accelerometer; autoplay; clipboard-write; encrypted-media; gyroscope; picture-in-picture; web-share\" allowfullscreen><\/iframe><\/p>\n<p>Fuente: <a href=\"https:\/\/www.lun.com\/\" target=\"_blank\" rel=\"noopener\">LUN<\/a><\/p>\n","protected":false},"excerpt":{"rendered":"<p>Este lunes era un d\u00eda m\u00e1s de trabajo para C\u00e9sar Rojas Arce, buzo comercial de Tocopilla, regi\u00f3n de Antofagasta. \u201cComo&#8230;<\/p>\n","protected":false},"author":1,"featured_media":70194,"comment_status":"closed","ping_status":"closed","sticky":false,"template":"","format":"standard","meta":{"footnotes":""},"categories":[191,145],"tags":[26,198],"class_list":{"0":"post-70892","1":"post","2":"type-post","3":"status-publish","4":"format-standard","5":"has-post-thumbnail","7":"category-educacion-ambiental","8":"category-meri-en-prensa","9":"tag-ballena","10":"tag-sonia-espanol"},"translation":{"provider":"WPGlobus","version":"3.0.2","language":"en","enabled_languages":["es","en"],"languages":{"es":{"title":true,"content":true,"excerpt":false},"en":{"title":false,"content":false,"excerpt":false}}},"menu_order":0,"_links":{"self":[{"href":"https:\/\/fundacionmeri.cl\/en\/wp-json\/wp\/v2\/posts\/70892","targetHints":{"allow":["GET"]}}],"collection":[{"href":"https:\/\/fundacionmeri.cl\/en\/wp-json\/wp\/v2\/posts"}],"about":[{"href":"https:\/\/fundacionmeri.cl\/en\/wp-json\/wp\/v2\/types\/post"}],"author":[{"embeddable":true,"href":"https:\/\/fundacionmeri.cl\/en\/wp-json\/wp\/v2\/users\/1"}],"replies":[{"embeddable":true,"href":"https:\/\/fundacionmeri.cl\/en\/wp-json\/wp\/v2\/comments?post=70892"}],"version-history":[{"count":0,"href":"https:\/\/fundacionmeri.cl\/en\/wp-json\/wp\/v2\/posts\/70892\/revisions"}],"wp:featuredmedia":[{"embeddable":true,"href":"https:\/\/fundacionmeri.cl\/en\/wp-json\/wp\/v2\/media\/70194"}],"wp:attachment":[{"href":"https:\/\/fundacionmeri.cl\/en\/wp-json\/wp\/v2\/media?parent=70892"}],"wp:term":[{"taxonomy":"category","embeddable":true,"href":"https:\/\/fundacionmeri.cl\/en\/wp-json\/wp\/v2\/categories?post=70892"},{"taxonomy":"post_tag","embeddable":true,"href":"https:\/\/fundacionmeri.cl\/en\/wp-json\/wp\/v2\/tags?post=70892"}],"curies":[{"name":"wp","href":"https:\/\/api.w.org\/{rel}","templated":true}]}}