{"id":70882,"date":"2023-02-19T09:43:34","date_gmt":"2023-02-19T12:43:34","guid":{"rendered":"https:\/\/fundacionmeri.cl\/?p=70882"},"modified":"2023-04-25T19:25:06","modified_gmt":"2023-04-25T22:25:06","slug":"forman-guarderias-plumasaislantes-y-leche-de-buche-asi-habitan-los-flamencos-en-san-pedro-de-atacama","status":"publish","type":"post","link":"https:\/\/fundacionmeri.cl\/en\/forman-guarderias-plumasaislantes-y-leche-de-buche-asi-habitan-los-flamencos-en-san-pedro-de-atacama\/","title":{"rendered":"[La Tercera] Forman guarder\u00edas, plumas aislantes y leche de buche: As\u00ed habitan los flamencos en San Pedro de Atacama"},"content":{"rendered":"<p>La Corporaci\u00f3n Nacional Forestal (Conaf), la\u00a0<span class=\"highlight\">Fundaci\u00f3n<\/span>\u00a0<span class=\"highlight\">MERI<\/span>\u00a0y gu\u00edas locales de Toconao y Peine, realizaron a inicios de febrero el censo de flamencos altoandinos en la\u00a0<b>Reserva Nacional Flamencos y sus sectores aleda\u00f1os, en la Regi\u00f3n de Antofagasta.<\/b>\u00a0La actividad tuvo como objetivo el desarrollo de investigaci\u00f3n cient\u00edfica durante la temporada de reproducci\u00f3n de estas aves para levantar datos relevantes respecto a la composici\u00f3n de la poblaci\u00f3n y\u00a0<a href=\"https:\/\/www.latercera.com\/la-tercera-tv\/noticia\/la-cruzada-por-proteger-a-los-flamencos-altoandinos\/7GLTLNVGLBFEXCTZLTXFZRR6KE\/\" target=\"_blank\" rel=\"noopener\">determinar los sitios donde hay mayor presencia de estos individuos.<\/a><br \/>\nEn el trabajo en terreno -realizado entre el 30 de enero y el 4 de febrero pasado-, los censistas visitaron lagunas y salares, sistemas hidrol\u00f3gicos donde hist\u00f3ricamente habitan estas aves. Los principales lugares donde se hizo el trabajo fueron las rutas Alto Loa, Sico, Jama, Salar de Atacama y la zona de los g\u00e9isers del Tatio, ecosistemas de alto valor donde se ubican los sitios de reproducci\u00f3n y alimentaci\u00f3n que concentran a la poblaci\u00f3n de flamencos, especies en categor\u00eda de \u201camenazadas\u201d, seg\u00fan el Ministerio de Medio Ambiente.<\/p>\n<p>Los resultados del censo hecho este verano se entregar\u00e1n luego de que sean consolidados por la instituci\u00f3n. Como antecedente hist\u00f3rico, las cifras de Conaf de 2022 muestran que en la Reserva Los Flamencos y sus inmediaciones,\u00a0<b>hay 3.998 flamencos James; 3.326 andinos y 243 chilenos. En la macrozona norte de Chile, habitan 39.535 de estas aves.<\/b><\/p>\n<p>Dominique Durand, encargada de proyectos especiales de la\u00a0<span class=\"highlight\">Fundaci\u00f3n<\/span>\u00a0<span class=\"highlight\">MERI<\/span>, explica<b>\u00a0<\/b>que<b>\u00a0<\/b>\u201clas lagunas hipersalinas como objeto de conservaci\u00f3n son ecosistemas a proteger, siendo el flamenco<a href=\"https:\/\/www.latercera.com\/que-pasa\/noticia\/la-inesperada-victima-de-la-extraccion-de-litio-en-los-salares-del-norte-de-chile\/PPGS6AUZQFDEND6HBG3DWJ6JCQ\/\" target=\"_blank\" rel=\"noopener\">\u00a0un importante bar\u00f3metro de su salud<\/a>. La colaboraci\u00f3n con Conaf en el censo durante el periodo de reproductivo de los flamencos nos ha permitido levantar un importante trabajo de campo para fortalecer nuestro programa de educaci\u00f3n ambiental\u201d.<\/p>\n<p>Al respecto, Anita Mar\u00eda Huichaman, directora de la Corporaci\u00f3n Nacional Forestal (Conaf) de la Regi\u00f3n de Antofagasta, explic\u00f3 que los guardaparques, gu\u00edas locales y voluntarios que hacen el censo utilizan \u201cequipos \u00f3pticos de buena resoluci\u00f3n, ya que se deben identificar y contabilizar las tres especies existentes. Se utilizan binoculares para distancias cortas en lagunas peque\u00f1as y monoculares para largas distancias y grandes grupos de flamencos o bien dispersos en toda el \u00e1rea de la laguna\u201d. As\u00ed, se realiza un conteo directo general y por especie, datos que deben coincidir para posteriormente agregar la informaci\u00f3n a la base de datos general.<br \/>\nLa\u00a0<span class=\"highlight\">Fundaci\u00f3n<\/span>\u00a0<span class=\"highlight\">MERI<\/span>\u00a0promueve la investigaci\u00f3n cient\u00edfica y la educaci\u00f3n ambiental para la mitigaci\u00f3n del cambio clim\u00e1tico generando planes de conservaci\u00f3n en distintos territorios. En ese contexto, las lagunas hipersalinas constituyen ecosistemas que deben ser protegidos por ser h\u00e1bitat de los flamencos, especies que a\u00fan falta por conocer. Los censos son clave para conocer su estado actual, sus amenazas y proponer acciones para su conservaci\u00f3n.<\/p>\n<h2>Poblaci\u00f3n de flamencos y los ecosistemas donde habitan<\/h2>\n<p>En Chile habitan tres de las seis especies de flamenco existentes en el mundo; de James, chileno y andino. Se alimentan y reproducen en los salares del norte del pa\u00eds bajo la constante amenaza e impacto negativo en la biodiversidad de la zona por la actividad extractiva del litio,<a href=\"https:\/\/www.latercera.com\/noticia\/mueren-electrocutados-50-flamencos-rosados-norte-colombia\/\" target=\"_blank\" rel=\"noopener\">\u00a0el cambio clim\u00e1tico y el turismo no regulado.<\/a><br \/>\nLos tres flamencos que habitan en Chile se alimentan, reproducen y encuentran refugio en los salares, lagos y lagunas andinas. Estos lugares est\u00e1n rodeados de monta\u00f1as y las temperaturas son extremas.<br \/>\nLos flamencos est\u00e1n adaptados a ese clima,\u00a0<b>sus plumas son el aislante perfecto para soportar esos cambios bruscos de temperatura entre d\u00eda y noche.<\/b><\/p>\n<p>Las lagunas altoandinas son m\u00e1s profundas y no tienen una concentraci\u00f3n de sales tan elevada en comparaci\u00f3n a los salares y la biodiversidad de plantas y aves es mayor.<br \/>\nLa pareja de flamencos construye un nido de barro con una caracter\u00edstica forma de volc\u00e1n. La hembra pone un solo huevo y luego de 30 d\u00edas eclosiona el polluelo. Luego de que las cr\u00edas rompen el cascar\u00f3n, est\u00e1n alrededor de dos semanas en el nido de barro, y cuando son lo suficientemente fuertes se re\u00fanen con las dem\u00e1s cr\u00edas en grupos enormes,\u00a0<b>formando \u201cguarder\u00edas\u201d.<\/b><br \/>\nLos flamencos alimentan a las cr\u00edas con leche de buche, mezcla semidigerida de microalgas e invertebrados, que forman una sustancia l\u00edquida de color rojo parecido a la sangre.<\/p>\n<h2>Amenazas y protecci\u00f3n<\/h2>\n<p>Una amenaza importante en el norte es el turismo no regulado, es decir, visitas tur\u00edsticas sin respetar distancias de avistamiento, el acoso a las aves y polluelos con pr\u00e1cticas irrespetuosas para hacerlos volar (como arrojar piedras), entre otras malas pr\u00e1cticas.<br \/>\nAdem\u00e1s, el riesgo de mascotas que deambulan sin supervisi\u00f3n que viven en los ecosistemas sin depender de un humano, como los perros y gatos asilvestrados. Por ejemplo, en el norte, los perros de vida libre y asilvestrados pueden atacar a los flamencos y a sus polluelos, y transmitir enfermedades.<br \/>\n<b>\u00bfC\u00f3mo proteger a los flamencos?<\/b>\u00a0A continuaci\u00f3n, cinco recomendaciones para ser parte activa de la conservaci\u00f3n de estas especies:<\/p>\n<p>Fuente: <a href=\"https:\/\/www.latercera.com\/que-pasa\/noticia\/forman-guarderias-plumas-aislantes-y-leche-de-buche-asi-viven-los-flamencos-en-san-pedro-de-atacama\/FJNSYAQ5J5HYTISQG632LV47F4\/\" rel=\"noopener\" target=\"_blank\">La Tercera<\/a><\/p>\n","protected":false},"excerpt":{"rendered":"<p>La Corporaci\u00f3n Nacional Forestal (Conaf), la\u00a0Fundaci\u00f3n\u00a0MERI\u00a0y gu\u00edas locales de Toconao y Peine, realizaron a inicios de febrero el censo de&#8230;<\/p>\n","protected":false},"author":1,"featured_media":70884,"comment_status":"closed","ping_status":"closed","sticky":false,"template":"","format":"standard","meta":{"footnotes":""},"categories":[191,145,240],"tags":[213,238],"class_list":{"0":"post-70882","1":"post","2":"type-post","3":"status-publish","4":"format-standard","5":"has-post-thumbnail","7":"category-educacion-ambiental","8":"category-meri-en-prensa","9":"category-flamencos","10":"tag-flamencos","11":"tag-san-pedro-de-atacama"},"translation":{"provider":"WPGlobus","version":"3.0.2","language":"en","enabled_languages":["es","en"],"languages":{"es":{"title":true,"content":true,"excerpt":false},"en":{"title":false,"content":false,"excerpt":false}}},"menu_order":0,"_links":{"self":[{"href":"https:\/\/fundacionmeri.cl\/en\/wp-json\/wp\/v2\/posts\/70882","targetHints":{"allow":["GET"]}}],"collection":[{"href":"https:\/\/fundacionmeri.cl\/en\/wp-json\/wp\/v2\/posts"}],"about":[{"href":"https:\/\/fundacionmeri.cl\/en\/wp-json\/wp\/v2\/types\/post"}],"author":[{"embeddable":true,"href":"https:\/\/fundacionmeri.cl\/en\/wp-json\/wp\/v2\/users\/1"}],"replies":[{"embeddable":true,"href":"https:\/\/fundacionmeri.cl\/en\/wp-json\/wp\/v2\/comments?post=70882"}],"version-history":[{"count":0,"href":"https:\/\/fundacionmeri.cl\/en\/wp-json\/wp\/v2\/posts\/70882\/revisions"}],"wp:featuredmedia":[{"embeddable":true,"href":"https:\/\/fundacionmeri.cl\/en\/wp-json\/wp\/v2\/media\/70884"}],"wp:attachment":[{"href":"https:\/\/fundacionmeri.cl\/en\/wp-json\/wp\/v2\/media?parent=70882"}],"wp:term":[{"taxonomy":"category","embeddable":true,"href":"https:\/\/fundacionmeri.cl\/en\/wp-json\/wp\/v2\/categories?post=70882"},{"taxonomy":"post_tag","embeddable":true,"href":"https:\/\/fundacionmeri.cl\/en\/wp-json\/wp\/v2\/tags?post=70882"}],"curies":[{"name":"wp","href":"https:\/\/api.w.org\/{rel}","templated":true}]}}