{"id":70578,"date":"2022-11-10T15:03:46","date_gmt":"2022-11-10T18:03:46","guid":{"rendered":"https:\/\/fundacionmeri.cl\/?p=70578"},"modified":"2022-11-11T15:51:10","modified_gmt":"2022-11-11T18:51:10","slug":"diario-financiero-ministra-de-ciencias-destaca-la-presencia-chilena-en-la-cop27-tras-participar-en-panel-organizado-por-fundacion-meri","status":"publish","type":"post","link":"https:\/\/fundacionmeri.cl\/en\/diario-financiero-ministra-de-ciencias-destaca-la-presencia-chilena-en-la-cop27-tras-participar-en-panel-organizado-por-fundacion-meri\/","title":{"rendered":"[Diario Financiero] Ministra de Ciencias destaca la presencia chilena en la COP27 tras participar en panel organizado por Fundaci\u00f3n MERI"},"content":{"rendered":"<p>Tambi\u00e9n te puede interesar: <a href=\"https:\/\/fundacionmeri.cl\/cnn-chile-patricia-morales-sobre-el-desarrollo-de-la-cop-27\/\" target=\"_blank\" rel=\"noopener\">Patricia Morales sobre el desarrollo de la COP 27<\/a><\/p>\n<p>Al mediod\u00eda de la cuarta jornada de la Cumbre del Clima <a href=\"https:\/\/fundacionmeri.cl\/cop27\/\" target=\"_blank\" rel=\"noopener\">COP27<\/a> en Egipto, <a href=\"https:\/\/fundacionmeri.cl\/\" target=\"_blank\" rel=\"noopener\">Fundaci\u00f3n MERI<\/a> -de <a href=\"\" target=\"_blank\" rel=\"noopener\">Filantrop\u00eda Cort\u00e9s Solari<\/a>&#8211; junto al Panel Intergubernamental de Expertos sobre el Cambio Clim\u00e1tico (IPCC) y la Organizaci\u00f3n Meteorol\u00f3gica Mundial, desarrollaron un panel sobre <strong>\u00c1reas Marinas Protegidas<\/strong>: promoviendo ciencia para la biodiversidad y mitigaci\u00f3n, en el pabell\u00f3n \u201cScience for Climate Action\u201d, organizado por las tres entidades.<\/p>\n<p>En la instancia, participaron autoridades como <a href=\"https:\/\/www.filantropiacortessolari.cl\/profile\/francisca-cortes-solari\/\" target=\"_blank\" rel=\"noopener\"><strong>Francisca Cort\u00e9s Solari<\/a>, presidenta ejecutiva de <a href=\"https:\/\/fundacionmeri.cl\/\" target=\"_blank\" rel=\"noopener\">Fundaci\u00f3n MERI<\/a>; la ministra de Ciencia, Tecnolog\u00eda, Conocimiento e Innovaci\u00f3n, Silvia D\u00edaz; y el pr\u00edncipe Alberto II de M\u00f3naco, quien destac\u00f3 la importancia del trabajo conjunto de los sectores p\u00fablico y privado<\/strong> en el desaf\u00edo del cambio clim\u00e1tico.<\/p>\n<p>Con respecto a esta tem\u00e1tica, la <strong>ministra D\u00edaz afirm\u00f3 al Equipo de DF que est\u00e1 en Egipto<\/strong>, que \u201ctenemos una fuerte colaboraci\u00f3n entre los sectores p\u00fablico y privado. Juntos podemos actuar de mejor forma para combatir el cambio clim\u00e1tico, y esta es una muestra de que esto est\u00e1 ocurriendo. Con la <a href=\"https:\/\/fundacionmeri.cl\/\" target=\"_blank\" rel=\"noopener\">Fundaci\u00f3n MERI<\/a> estamos trabajando en la protecci\u00f3n de nuestros oc\u00e9anos. Tenemos un real compromiso en aportar a las \u00e1reas protegidas y ese comprometido se ha mostrado porque <strong>hemos cuadruplicado nuestro compromiso con la agenda 2030 de tener al menos el 10% de las \u00e1reas marinas protegidas<\/strong>.<\/p>\n<p>Sobre la <strong>ausencia del presidente Gabriel Boric en la cumbre, la autoridad se\u00f1al\u00f3 que \u201cno ha estado presente por diversas actividades que ya ten\u00eda comprometidas en su agenda<\/strong>. Sin embargo, explic\u00f3 que Chile tiene una delegaci\u00f3n fuerte con representantes de los ministerios de Ciencia, Medio Ambiente, Energ\u00eda, Transportes y Relaciones Exteriores.<\/p>\n<p>&#8220;Para nosotros es sumamente importante estar presentes ac\u00e1 en la <a href=\"https:\/\/fundacionmeri.cl\/cop27\/\" target=\"_blank\" rel=\"noopener\">COP27<\/a>, ya que demuestra el real compromiso que tenemos como gobierno y como ministerio en combatir el cambio clim\u00e1tico&#8221;, declar\u00f3 la ministra D\u00edaz.<\/p>\n<h3><strong>Avances registrados<\/strong><\/h3>\n<p>En tanto, <a href=\"https:\/\/www.filantropiacortessolari.cl\/profile\/patricia-morales\/\" target=\"_blank\" rel=\"noopener\"><strong>Patricia Morales<\/a>, <strong>gerenta general de <a href=\"https:\/\/www.filantropiacortessolari.cl\/\" target=\"_blank\" rel=\"noopener\">Filantrop\u00eda Cort\u00e9s Solari<\/a><\/strong>, destac\u00f3 los avances que desde <a href=\"https:\/\/fundacionmeri.cl\/\" target=\"_blank\" rel=\"noopener\">Fundaci\u00f3n MERI<\/a> han realizado hacia la protecci\u00f3n del oc\u00e9ano, como la <strong>implementaci\u00f3n de <a href=\"https:\/\/fundacionmeri.cl\/the-blue-boat-initiative\/\" target=\"_blank\" rel=\"noopener\">boyas inteligentes<\/a><\/strong> en el Golfo del Corcovado para evitar las colisiones entre embarcaciones y ballenas, y <strong>monitorear las actividades humanas en los oc\u00e9anos<\/strong>. \u201cDebemos hacernos cargo de estos desaf\u00edos como sector p\u00fablico, privado y sociedad. Es necesario invertir en tecnolog\u00eda y en ciencia para preservar la vida en el planeta. Solo nos queda actuar\u201d, dijo.<\/p>\n<p>Sobre <a href=\"https:\/\/fundacionmeri.cl\/ecosistemas-marinos-y-de-agua-dulce\/\" target=\"_blank\" rel=\"noopener\">\u00e1reas marinas protegidas<\/a>, Chile cuenta con una l\u00ednea costera que se extiende por m\u00e1s de 4.000 km, y cuenta con m\u00e1s de 3,5 millones de km2 de superficie marina que corresponden aproximadamente a 80% del territorio nacional, por lo que el pa\u00eds ha impulsado la creaci\u00f3n de ellas.<\/p>\n<p>Incluso, en la Cumbre de las Am\u00e9ricas de este a\u00f1o, Chile hab\u00eda liderado el lanzamiento de la coalici\u00f3n &#8220;Am\u00e9ricas por la Protecci\u00f3n del Oc\u00e9ano&#8221;, la cual busca generar espacios de colaboraci\u00f3n, cooperaci\u00f3n y coordinaci\u00f3n a nivel pol\u00edtico sobre \u00c1reas Marinas Protegidas de todo el continente y conservaci\u00f3n del oc\u00e9ano.<\/p>\n<p>Fuente: <a href=\"https:\/\/www.df.cl\/df-lab\/cambio-climatico\/ministra-de-ciencias-destaca-la-presencia-chilena-en-la-cop27-tras\" target=\"_blank\" rel=\"noopener\">Diario Financiero<\/a><\/p>\n","protected":false},"excerpt":{"rendered":"<p>Tambi\u00e9n te puede interesar: Patricia Morales sobre el desarrollo de la COP 27 Al mediod\u00eda de la cuarta jornada de&#8230;<\/p>\n","protected":false},"author":1,"featured_media":0,"comment_status":"closed","ping_status":"closed","sticky":false,"template":"","format":"video","meta":{"footnotes":""},"categories":[145,227],"tags":[230,46,38],"class_list":{"0":"post-70578","1":"post","2":"type-post","3":"status-publish","4":"format-video","6":"category-meri-en-prensa","7":"category-cop-27","8":"tag-cop-27","9":"tag-educacion-ambiental","10":"tag-fundacion-meri","11":"post_format-post-format-video"},"translation":{"provider":"WPGlobus","version":"3.0.2","language":"en","enabled_languages":["es","en"],"languages":{"es":{"title":true,"content":true,"excerpt":false},"en":{"title":false,"content":false,"excerpt":false}}},"menu_order":0,"_links":{"self":[{"href":"https:\/\/fundacionmeri.cl\/en\/wp-json\/wp\/v2\/posts\/70578","targetHints":{"allow":["GET"]}}],"collection":[{"href":"https:\/\/fundacionmeri.cl\/en\/wp-json\/wp\/v2\/posts"}],"about":[{"href":"https:\/\/fundacionmeri.cl\/en\/wp-json\/wp\/v2\/types\/post"}],"author":[{"embeddable":true,"href":"https:\/\/fundacionmeri.cl\/en\/wp-json\/wp\/v2\/users\/1"}],"replies":[{"embeddable":true,"href":"https:\/\/fundacionmeri.cl\/en\/wp-json\/wp\/v2\/comments?post=70578"}],"version-history":[{"count":0,"href":"https:\/\/fundacionmeri.cl\/en\/wp-json\/wp\/v2\/posts\/70578\/revisions"}],"wp:attachment":[{"href":"https:\/\/fundacionmeri.cl\/en\/wp-json\/wp\/v2\/media?parent=70578"}],"wp:term":[{"taxonomy":"category","embeddable":true,"href":"https:\/\/fundacionmeri.cl\/en\/wp-json\/wp\/v2\/categories?post=70578"},{"taxonomy":"post_tag","embeddable":true,"href":"https:\/\/fundacionmeri.cl\/en\/wp-json\/wp\/v2\/tags?post=70578"}],"curies":[{"name":"wp","href":"https:\/\/api.w.org\/{rel}","templated":true}]}}