{"id":65996,"date":"2020-06-15T18:05:28","date_gmt":"2020-06-15T18:05:28","guid":{"rendered":"https:\/\/www.fundacionmeri.cl\/?p=65996"},"modified":"2020-09-02T13:04:04","modified_gmt":"2020-09-02T16:04:04","slug":"expedicion-virtual-a-las-profundidades-del-mar-de-chile-las-sorprendentes-imagenes-de-eduardo-sorensen","status":"publish","type":"post","link":"https:\/\/fundacionmeri.cl\/en\/expedicion-virtual-a-las-profundidades-del-mar-de-chile-las-sorprendentes-imagenes-de-eduardo-sorensen\/","title":{"rendered":"[Mongabay] Expedici\u00f3n virtual a las profundidades del mar de Chile: las sorprendentes im\u00e1genes de Eduardo Sorensen"},"content":{"rendered":"<div class=\"bulletpoints\">\n<h5><em>El fot\u00f3grafo submarino ha capturado im\u00e1genes a lo largo del mar chileno para registrar la sorprendente biodiversidad que hay en \u00e9l, pero tambi\u00e9n la contaminaci\u00f3n que ha llegado a rincones que hasta hace poco eran considerados pr\u00edstinos.<\/em><\/h5>\n<\/div>\n<p>Eduardo Sorensen empez\u00f3 a bucear a los 15 a\u00f1os. Inmediatamente quiso retratar todo lo que ve\u00eda bajo el mar. Se compr\u00f3 una c\u00e1mara fotogr\u00e1fica y comenz\u00f3 a practicar, a recibir consejos de fot\u00f3grafos experimentados y a leer todo lo que encontraba sobre el tema. Nunca estudi\u00f3 fotograf\u00eda formalmente, pero cuando se dio cuenta de que sus im\u00e1genes estaban a la altura de aquellas que se publicaban en revistas internacionales, decidi\u00f3 que dedicar\u00eda su vida profesional a retratar el fondo del mar.<\/p>\n<p>Hoy guarda en su memoria m\u00e1s de 20 expediciones entre period\u00edsticas y cient\u00edficas, en donde sus fotograf\u00edas y las im\u00e1genes reveladoras de lo que esconde el mar han sido cruciales para que ciertas \u00e1reas marina en Chile hayan sido declaradas como protegidas. Tambi\u00e9n sus im\u00e1genes han revelado secretos oscuros sobre la contaminaci\u00f3n de industrias en las aguas del sur del pa\u00eds, \u00a0han registrado tristemente desde una infinidad de botellas y latas de cerveza hasta alfombras enrolladas y arrojadas al agua como si el oc\u00e9ano fuera un inmenso basurero.<\/p>\n<p>Conoce m\u00e1s sobre la vida y la carrera de Eduardo Sorensen, adem\u00e1s de apreciar sus impactantes y hermosas fotograf\u00edas de la vida submarina.<\/p>\n<figure id=\"attachment_216088\" class=\"wp-caption alignnone\"><img class=\"wp-image-216088 size-full\" src=\"https:\/\/imgs.mongabay.com\/wp-content\/uploads\/sites\/25\/2020\/06\/08131912\/ESM2756-Fundacion-MERI-Eduardo-Sorensen-Melimoyu-1.jpg\" sizes=\"(max-width: 1000px) 100vw, 1000px\" srcset=\"https:\/\/imgs.mongabay.com\/wp-content\/uploads\/sites\/25\/2020\/06\/08131912\/ESM2756-Fundacion-MERI-Eduardo-Sorensen-Melimoyu-1.jpg 1000w, https:\/\/imgs.mongabay.com\/wp-content\/uploads\/sites\/25\/2020\/06\/08131912\/ESM2756-Fundacion-MERI-Eduardo-Sorensen-Melimoyu-1-100x100.jpg 100w, https:\/\/imgs.mongabay.com\/wp-content\/uploads\/sites\/25\/2020\/06\/08131912\/ESM2756-Fundacion-MERI-Eduardo-Sorensen-Melimoyu-1-768x768.jpg 768w, https:\/\/imgs.mongabay.com\/wp-content\/uploads\/sites\/25\/2020\/06\/08131912\/ESM2756-Fundacion-MERI-Eduardo-Sorensen-Melimoyu-1-610x610.jpg 610w\" alt=\"\" width=\"1000\" height=\"1000\" \/><figcaption class=\"wp-caption-text\">Camar\u00f3n pintado, Melimoyu.Fundacion MERI-Eduardo Sorensen<\/figcaption><\/figure>\n<figure id=\"attachment_215968\" class=\"wp-caption alignnone\"><img class=\"size-medium wp-image-215968\" src=\"https:\/\/imgs.mongabay.com\/wp-content\/uploads\/sites\/25\/2020\/06\/04215132\/ESM_0478-Fundaci%C3%B3n-MERI-Eduardo-Sorensen-Melimoyu-768x512.jpg\" sizes=\"(max-width: 768px) 100vw, 768px\" srcset=\"https:\/\/imgs.mongabay.com\/wp-content\/uploads\/sites\/25\/2020\/06\/04215132\/ESM_0478-Fundaci%C3%B3n-MERI-Eduardo-Sorensen-Melimoyu-768x513.jpg 768w, https:\/\/imgs.mongabay.com\/wp-content\/uploads\/sites\/25\/2020\/06\/04215132\/ESM_0478-Fundaci%C3%B3n-MERI-Eduardo-Sorensen-Melimoyu-1200x800.jpg 1200w, https:\/\/imgs.mongabay.com\/wp-content\/uploads\/sites\/25\/2020\/06\/04215132\/ESM_0478-Fundaci%C3%B3n-MERI-Eduardo-Sorensen-Melimoyu-610x407.jpg 610w\" alt=\"\" width=\"768\" height=\"512\" \/><figcaption class=\"wp-caption-text\">Paisaje intermareal en Melimoyu. Fundaci\u00f3n MERI-Eduardo Sorensen<\/figcaption><\/figure>\n<p><strong>\u00bfC\u00f3mo naci\u00f3 tu inter\u00e9s por fotografiar la vida submarina?\u00a0<\/strong><\/p>\n<p>Antes de la fotograf\u00eda submarina no ten\u00eda ninguna relaci\u00f3n con la fotograf\u00eda, nunca estudi\u00e9 formalmente fotograf\u00eda. Si bien el inter\u00e9s por fotografiar el fondo del mar surgi\u00f3 desde los primeros buceos, fue reci\u00e9n en un viaje a Juan Fern\u00e1ndez que me plantee la opci\u00f3n de comenzar profesionalmente con esta actividad. Despu\u00e9s de tomar fotos por unos siete u ocho a\u00f1os, sent\u00ed que mis resultados ten\u00edan un nivel parecido al que ve\u00eda en publicaciones internacionales.<\/p>\n<p><strong>Tus fotograf\u00edas han acompa\u00f1ado la propuesta de proyectos de conservaci\u00f3n. \u00bfCu\u00e1les son los proyectos m\u00e1s importantes para ti?<\/strong><\/p>\n<p>Un proyecto importante ha sido colaborar con ONG de conservaci\u00f3n marina en la creaci\u00f3n de \u00e1reas marinas protegidas. Rapa Nui, Motu Motiro Hiva, Nazca Desventuradas y Juan Fern\u00e1ndez son algunos de los Parques Marinos que se crearon luego de realizar expediciones cient\u00edficas a esos lugares y levantar informaci\u00f3n con fotos y video.<\/p>\n<figure id=\"attachment_215961\" class=\"wp-caption alignnone\"><img class=\"size-medium wp-image-215961\" src=\"https:\/\/imgs.mongabay.com\/wp-content\/uploads\/sites\/25\/2020\/06\/04215053\/ESM4755-Eduardo-Sorensen-Rapa-Nui-768x512.jpg\" sizes=\"(max-width: 768px) 100vw, 768px\" srcset=\"https:\/\/imgs.mongabay.com\/wp-content\/uploads\/sites\/25\/2020\/06\/04215053\/ESM4755-Eduardo-Sorensen-Rapa-Nui-768x513.jpg 768w, https:\/\/imgs.mongabay.com\/wp-content\/uploads\/sites\/25\/2020\/06\/04215053\/ESM4755-Eduardo-Sorensen-Rapa-Nui-1200x800.jpg 1200w, https:\/\/imgs.mongabay.com\/wp-content\/uploads\/sites\/25\/2020\/06\/04215053\/ESM4755-Eduardo-Sorensen-Rapa-Nui-610x407.jpg 610w\" alt=\"\" width=\"768\" height=\"512\" \/><figcaption class=\"wp-caption-text\">Morena entre corales y buzo, Rapa Nui. Eduardo Sorensen<\/figcaption><\/figure>\n<p>Otro proyecto al que le tengo especial cari\u00f1o es el registro que hace tres a\u00f1os estamos realizando para Fundaci\u00f3n MERI en la zona de Melimoyu [al sur del pa\u00eds], se trata de un ecosistema patog\u00e9nico incre\u00edblemente rico y diverso.<\/p>\n<p>Tambi\u00e9n fue muy importante para mi participar en el Proyecto Frontera Azul, entre 2009 y 2010, con el que hicimos un programa de Televisi\u00f3n que se emiti\u00f3 por se\u00f1al abierta. Con \u00e9l tuvimos la oportunidad de visibilizar algunos de los problemas m\u00e1s graves que sufr\u00eda el mar en esos momentos. El programa tuvo buena audiencia y las im\u00e1genes que mostramos en redes sociales tuvieron una importante repercusi\u00f3n. Las personas agradec\u00edan que di\u00e9ramos a conocer el mar chileno.<\/p>\n<figure id=\"attachment_215969\" class=\"wp-caption alignnone\"><img class=\"size-medium wp-image-215969\" src=\"https:\/\/imgs.mongabay.com\/wp-content\/uploads\/sites\/25\/2020\/06\/04215136\/ESM_1117-Fundaci%C3%B3n-MERI-Eduardo-Sorensen-Melimoyu-768x512.jpg\" sizes=\"(max-width: 768px) 100vw, 768px\" srcset=\"https:\/\/imgs.mongabay.com\/wp-content\/uploads\/sites\/25\/2020\/06\/04215136\/ESM_1117-Fundaci%C3%B3n-MERI-Eduardo-Sorensen-Melimoyu-768x512.jpg 768w, https:\/\/imgs.mongabay.com\/wp-content\/uploads\/sites\/25\/2020\/06\/04215136\/ESM_1117-Fundaci%C3%B3n-MERI-Eduardo-Sorensen-Melimoyu-1200x800.jpg 1200w\" alt=\"\" width=\"768\" height=\"512\" \/><figcaption class=\"wp-caption-text\">Nudibranquio a media agua, Melimoyu. Fundaci\u00f3n MERI-Eduardo Sorensen<\/figcaption><\/figure>\n<figure id=\"attachment_215960\" class=\"wp-caption alignnone\"><img class=\"size-medium wp-image-215960\" src=\"https:\/\/imgs.mongabay.com\/wp-content\/uploads\/sites\/25\/2020\/06\/04215047\/ESM2818-Eduardo-Sorensen-Las-Tacas-768x512.jpg\" sizes=\"(max-width: 768px) 100vw, 768px\" srcset=\"https:\/\/imgs.mongabay.com\/wp-content\/uploads\/sites\/25\/2020\/06\/04215047\/ESM2818-Eduardo-Sorensen-Las-Tacas-768x512.jpg 768w, https:\/\/imgs.mongabay.com\/wp-content\/uploads\/sites\/25\/2020\/06\/04215047\/ESM2818-Eduardo-Sorensen-Las-Tacas-1200x800.jpg 1200w\" alt=\"\" width=\"768\" height=\"512\" \/><figcaption class=\"wp-caption-text\">Medusa, Zona central. Eduardo Sorensen<\/figcaption><strong>\u00bfQu\u00e9 problemas pudieron mostrar?<\/strong><\/p>\n<p>Fuimos a Castilla en la regi\u00f3n de Atacama [al norte de Chile], que en ese tiempo ten\u00eda la amenaza de la construcci\u00f3n de una termoel\u00e9ctrica. Ese lugar junto con otro son los \u00fanicos dos en Chile donde existe un pasto marino que se llama zostera, es un ecosistema muy particular donde llega una colonia de tortugas verdes.<\/p>\n<figure id=\"attachment_215952\" class=\"wp-caption alignnone\"><img class=\"size-medium wp-image-215952\" src=\"https:\/\/imgs.mongabay.com\/wp-content\/uploads\/sites\/25\/2020\/06\/04215007\/ESM0284EduardoSorensen-Las-Tacas-768x512.jpg\" sizes=\"(max-width: 768px) 100vw, 768px\" srcset=\"https:\/\/imgs.mongabay.com\/wp-content\/uploads\/sites\/25\/2020\/06\/04215007\/ESM0284EduardoSorensen-Las-Tacas-768x513.jpg 768w, https:\/\/imgs.mongabay.com\/wp-content\/uploads\/sites\/25\/2020\/06\/04215007\/ESM0284EduardoSorensen-Las-Tacas-1200x800.jpg 1200w, https:\/\/imgs.mongabay.com\/wp-content\/uploads\/sites\/25\/2020\/06\/04215007\/ESM0284EduardoSorensen-Las-Tacas-610x407.jpg 610w\" alt=\"\" width=\"768\" height=\"512\" \/><figcaption class=\"wp-caption-text\">Cangrejo porcelana sobre an\u00e9mona, Las Tacas. Foto: EduardoSorensen<\/figcaption><\/figure>\n<p>Tambi\u00e9n fuimos a Ventanas, Puchuncav\u00ed y mostramos el efecto negativo de los desechos de las industrias en esta bah\u00eda que en alg\u00fan momento fue s\u00faper productiva, pero donde hoy no hay pr\u00e1cticamente nada.<\/p>\n<figure id=\"attachment_215957\" class=\"wp-caption alignnone\"><img class=\"size-medium wp-image-215957\" src=\"https:\/\/imgs.mongabay.com\/wp-content\/uploads\/sites\/25\/2020\/06\/04215034\/ESM1649-Frontera-Azul-Eduardo-Sorensen-Caldera2-768x512.jpg\" sizes=\"(max-width: 768px) 100vw, 768px\" srcset=\"https:\/\/imgs.mongabay.com\/wp-content\/uploads\/sites\/25\/2020\/06\/04215034\/ESM1649-Frontera-Azul-Eduardo-Sorensen-Caldera2-768x512.jpg 768w, https:\/\/imgs.mongabay.com\/wp-content\/uploads\/sites\/25\/2020\/06\/04215034\/ESM1649-Frontera-Azul-Eduardo-Sorensen-Caldera2-1200x800.jpg 1200w, https:\/\/imgs.mongabay.com\/wp-content\/uploads\/sites\/25\/2020\/06\/04215034\/ESM1649-Frontera-Azul-Eduardo-Sorensen-Caldera2-610x408.jpg 610w\" alt=\"\" width=\"768\" height=\"512\" \/><figcaption class=\"wp-caption-text\">Tiburon azul pescado con espinel, Caldera. Frontera Azul-Eduardo Sorensen<\/figcaption><\/figure>\n<p>En esa \u00e9poca fue la crisis del virus ISA, en el sur del pa\u00eds, que casi termin\u00f3 con la salmonicultura en Chile. Fuimos al Seno de Reloncav\u00ed un poquito despu\u00e9s de que hab\u00eda acabado el conflicto. Hablamos con la gente que viv\u00eda ah\u00ed, que hab\u00eda trabajado en las salmoneras y que hab\u00eda perdido el trabajo. Buceamos en los lugares donde la industria salmonera hab\u00eda perdido sus cultivos de salmones y lo que vimos es que hab\u00edan hundido completamente las jaulas. Hundieron todas las estructuras y eso si uno no se mete a bucear no tiene como verlo.<\/p>\n<figure id=\"attachment_215976\" class=\"wp-caption alignnone\"><img class=\"size-medium wp-image-215976\" src=\"https:\/\/imgs.mongabay.com\/wp-content\/uploads\/sites\/25\/2020\/06\/04215213\/ESM5489-Frontera-Azul-Eduardo-Sorensen-Contaminacion-marina-768x512.jpg\" sizes=\"(max-width: 768px) 100vw, 768px\" srcset=\"https:\/\/imgs.mongabay.com\/wp-content\/uploads\/sites\/25\/2020\/06\/04215213\/ESM5489-Frontera-Azul-Eduardo-Sorensen-Contaminacion-marina-768x512.jpg 768w, https:\/\/imgs.mongabay.com\/wp-content\/uploads\/sites\/25\/2020\/06\/04215213\/ESM5489-Frontera-Azul-Eduardo-Sorensen-Contaminacion-marina-1200x800.jpg 1200w\" alt=\"\" width=\"768\" height=\"512\" \/><figcaption class=\"wp-caption-text\">Bolsas de alimento para salmon en el fondo del Seno Reloncav\u00ed. Frontera Azul-Eduardo Sorensen<\/figcaption><\/figure>\n<p>Hay unas fotos donde se ven una bolsas y una donde se ven unos neum\u00e1ticos. Esas im\u00e1genes son de ese lugar. Esas bolsas son de alimento de salmones. Hundieron todo.<\/p>\n<p><strong>\u00bfCu\u00e1l ha sido la escena que has fotografiado que m\u00e1s te ha conmovido negativamente?\u00a0<\/strong><\/p>\n<p>En lo negativo las mayores decepciones han sido en el sur, donde he visto estos impactos de la industria salmonella.\u00a0Hay una foto tambi\u00e9n de un lobo marino con una red enrollada en el cuello. Eso tambi\u00e9n lo vimos en el sur.<\/p>\n<figure id=\"attachment_215965\" class=\"wp-caption alignnone\"><img class=\"size-medium wp-image-215965\" src=\"https:\/\/imgs.mongabay.com\/wp-content\/uploads\/sites\/25\/2020\/06\/04215113\/ESM7374-Eduardo-Sorensen-Lobo-con-red-768x512.jpg\" sizes=\"(max-width: 768px) 100vw, 768px\" srcset=\"https:\/\/imgs.mongabay.com\/wp-content\/uploads\/sites\/25\/2020\/06\/04215113\/ESM7374-Eduardo-Sorensen-Lobo-con-red-768x513.jpg 768w, https:\/\/imgs.mongabay.com\/wp-content\/uploads\/sites\/25\/2020\/06\/04215113\/ESM7374-Eduardo-Sorensen-Lobo-con-red-1200x800.jpg 1200w, https:\/\/imgs.mongabay.com\/wp-content\/uploads\/sites\/25\/2020\/06\/04215113\/ESM7374-Eduardo-Sorensen-Lobo-con-red-610x407.jpg 610w\" alt=\"\" width=\"768\" height=\"512\" \/><figcaption class=\"wp-caption-text\">Lobo de mar con red de pesca en el cuello, Patagonia. Eduardo Sorensen<\/figcaption><\/figure>\n<p>Pero el problema es transversal a toda la costa chilena. En el norte hay sobrepesca de peces de roca, contaminaci\u00f3n, mucha basura, pl\u00e1sticos en toda la costa. Lo que pasa es que en el sur da un poco m\u00e1s de pena porque era un lugar tan poco intervenido, era lo \u00faltimo que nos quedaba intacto y resulta que ya no es as\u00ed. Porque la industria salmonera ha llegado a los lugares m\u00e1s incre\u00edbles de la Patagonia.<\/p>\n<figure id=\"attachment_215975\" class=\"wp-caption alignnone\"><img class=\"size-medium wp-image-215975\" src=\"https:\/\/imgs.mongabay.com\/wp-content\/uploads\/sites\/25\/2020\/06\/04215208\/ESM5471-Frontera-Azul-Eduardo-Sorensen-Contaminaci%C3%B3n-768x512.jpg\" sizes=\"(max-width: 768px) 100vw, 768px\" srcset=\"https:\/\/imgs.mongabay.com\/wp-content\/uploads\/sites\/25\/2020\/06\/04215208\/ESM5471-Frontera-Azul-Eduardo-Sorensen-Contaminaci%C3%B3n-768x512.jpg 768w, https:\/\/imgs.mongabay.com\/wp-content\/uploads\/sites\/25\/2020\/06\/04215208\/ESM5471-Frontera-Azul-Eduardo-Sorensen-Contaminaci%C3%B3n-1200x800.jpg 1200w\" alt=\"\" width=\"768\" height=\"512\" \/><figcaption class=\"wp-caption-text\">Una Cabrilla y dos Jaivas utilizan un neum\u00e1tico como refugio.\u00a0Seno Reloncav\u00ed. Frontera Azul-Eduardo Sorensen<\/figcaption><\/figure>\n<p>Pero cosas feas he visto en todo el mar. En la costa central te metes un poco y encuentras de lo que te puedas imaginar. Yo he visto alfombras bajo el agua, enrolladas. Pl\u00e1stico, est\u00e1 lleno. Muchas latas de cerveza, botellas, neum\u00e1ticos, est\u00e1 lleno de neum\u00e1ticos. Ca\u00f1er\u00edas de pl\u00e1stico, y eso es toda la costa de Chile.<\/p>\n<p><strong>\u00bfEn qu\u00e9 consideras que aporta la fotograf\u00eda a la hora de impulsar proyectos que buscan la protecci\u00f3n de los oc\u00e9anos?<\/strong><\/p>\n<p>La fotograf\u00eda puede ser una herramienta de gran ayuda en la conservaci\u00f3n marina. Es la \u00fanica manera que tendr\u00e1 la gran mayor\u00eda de las personas que no bucean de conocer lo que ocurre bajo el mar. A trav\u00e9s de las im\u00e1genes podemos acercar a la gente al mundo submarino y mostrar lo hermoso que es.<\/p>\n<figure id=\"attachment_215964\" class=\"wp-caption alignnone\"><img class=\"size-medium wp-image-215964\" src=\"https:\/\/imgs.mongabay.com\/wp-content\/uploads\/sites\/25\/2020\/06\/04215108\/ESM5190-Oceana-Eduardo-Sorensen-Islas-Desventuradas-768x512.jpg\" sizes=\"(max-width: 768px) 100vw, 768px\" srcset=\"https:\/\/imgs.mongabay.com\/wp-content\/uploads\/sites\/25\/2020\/06\/04215108\/ESM5190-Oceana-Eduardo-Sorensen-Islas-Desventuradas-768x512.jpg 768w, https:\/\/imgs.mongabay.com\/wp-content\/uploads\/sites\/25\/2020\/06\/04215108\/ESM5190-Oceana-Eduardo-Sorensen-Islas-Desventuradas-1200x800.jpg 1200w\" alt=\"\" width=\"768\" height=\"512\" \/><figcaption class=\"wp-caption-text\">Algas pardas en Islas Desventuradas. Oceana-Eduardo Sorensen<\/figcaption><\/figure>\n<p>Un comentario que se repite cuando mostramos im\u00e1genes a la gente es que no se imaginaban que en nuestro mar existiera esa variedad de colores y formas. La fotograf\u00eda submarina ha ayudado a derribar mitos acerca de nuestro mar, como que todo es oscuro y que en el fondo no hay nada que proteger. Nada m\u00e1s lejos de la realidad, nuestro mar es uno de los m\u00e1s ricos y productivos del mundo.<\/p>\n<figure id=\"attachment_215963\" class=\"wp-caption alignnone\"><img class=\"size-medium wp-image-215963\" src=\"https:\/\/imgs.mongabay.com\/wp-content\/uploads\/sites\/25\/2020\/06\/04215103\/ESM5171-Oceana-Eduardo-Sorensen-Islas-Desventuradas-768x512.jpg\" sizes=\"(max-width: 768px) 100vw, 768px\" srcset=\"https:\/\/imgs.mongabay.com\/wp-content\/uploads\/sites\/25\/2020\/06\/04215103\/ESM5171-Oceana-Eduardo-Sorensen-Islas-Desventuradas-768x512.jpg 768w, https:\/\/imgs.mongabay.com\/wp-content\/uploads\/sites\/25\/2020\/06\/04215103\/ESM5171-Oceana-Eduardo-Sorensen-Islas-Desventuradas-1200x800.jpg 1200w\" alt=\"\" width=\"768\" height=\"512\" \/><figcaption class=\"wp-caption-text\">Cardumen de Pampanitos, Islas Desventuradas. Oceana-Eduardo Sorensen<\/figcaption><\/figure>\n<p><strong>\u00bfCu\u00e1l ha sido la escena que has fotografiado que m\u00e1s te ha conmovido positivamente?\u00a0<\/strong><\/p>\n<p>De manera positiva me ha conmovido bucear en lugares con muy baja intervenci\u00f3n humana, lugares en que se puede ver la vida marina en toda su expresi\u00f3n, donde los peces se acercan sin temor. Normalmente se trata de lugares apartados o que tienen alg\u00fan grado de protecci\u00f3n. Melimoyu es uno de ellos.<\/p>\n<figure id=\"attachment_215958\" class=\"wp-caption alignnone\"><img class=\"size-medium wp-image-215958\" src=\"https:\/\/imgs.mongabay.com\/wp-content\/uploads\/sites\/25\/2020\/06\/04215038\/ESM2036Fundacion-MERI-Eduardo-Sorensen-Melimoyu-Foto-complicada-768x512.jpg\" sizes=\"(max-width: 768px) 100vw, 768px\" srcset=\"https:\/\/imgs.mongabay.com\/wp-content\/uploads\/sites\/25\/2020\/06\/04215038\/ESM2036Fundacion-MERI-Eduardo-Sorensen-Melimoyu-Foto-complicada-768x513.jpg 768w, https:\/\/imgs.mongabay.com\/wp-content\/uploads\/sites\/25\/2020\/06\/04215038\/ESM2036Fundacion-MERI-Eduardo-Sorensen-Melimoyu-Foto-complicada-1200x800.jpg 1200w, https:\/\/imgs.mongabay.com\/wp-content\/uploads\/sites\/25\/2020\/06\/04215038\/ESM2036Fundacion-MERI-Eduardo-Sorensen-Melimoyu-Foto-complicada-610x407.jpg 610w\" alt=\"\" width=\"768\" height=\"512\" \/><figcaption class=\"wp-caption-text\">An\u00e9mona no retr\u00e1ctil retroliluminada, Melimoyu. Fundacion MERI-Eduardo Sorensen<\/figcaption><\/figure>\n<p><strong>\u00bfC\u00f3mo es ese lugar?\u00a0<\/strong><\/p>\n<p>Queda al sur de Chilo\u00e9, en la regi\u00f3n de Ays\u00e9n. Se llama Melimoyu porque ah\u00ed hay un volc\u00e1n que lleva ese nombre. Hace unos 10 a\u00f1os atr\u00e1s una fundaci\u00f3n chilena, Filantrop\u00eda Cort\u00e9s Solari, compr\u00f3 estos terrenos que van desde un poco m\u00e1s abajo del volc\u00e1n hasta el mar e hicieron una reserva que se llama Melimoyu. All\u00ed ellos tienen una estaci\u00f3n cient\u00edfica donde hacen estudios de los r\u00edos, pero no hab\u00edan hecho investigaciones bajo el mar. Yo sab\u00eda de la existencia de esta fundaci\u00f3n y les hice la propuesta de registrar lo que hab\u00eda en el fondo marino.<\/p>\n<figure id=\"attachment_215953\" class=\"wp-caption alignnone\"><img class=\"size-medium wp-image-215953\" src=\"https:\/\/imgs.mongabay.com\/wp-content\/uploads\/sites\/25\/2020\/06\/04215012\/ESM289-Fundaci%C3%B3n-MERI-EduardoSorensen-Melimoyu-768x512.jpg\" sizes=\"(max-width: 768px) 100vw, 768px\" srcset=\"https:\/\/imgs.mongabay.com\/wp-content\/uploads\/sites\/25\/2020\/06\/04215012\/ESM289-Fundaci%C3%B3n-MERI-EduardoSorensen-Melimoyu-768x513.jpg 768w, https:\/\/imgs.mongabay.com\/wp-content\/uploads\/sites\/25\/2020\/06\/04215012\/ESM289-Fundaci%C3%B3n-MERI-EduardoSorensen-Melimoyu-1200x800.jpg 1200w, https:\/\/imgs.mongabay.com\/wp-content\/uploads\/sites\/25\/2020\/06\/04215012\/ESM289-Fundaci%C3%B3n-MERI-EduardoSorensen-Melimoyu-610x407.jpg 610w\" alt=\"\" width=\"768\" height=\"512\" \/><figcaption class=\"wp-caption-text\">Ofiura blanca sobre Pluma del mar nervuda, Melimoyu. Fundaci\u00f3n MERI-EduardoSorensen<\/figcaption><\/figure>\n<p>Fuimos a un lugar que se llama Canal Refugio, que es una canal que se forma entre una isla y el continente, y encontramos una piedra grande que sobresal\u00eda del agua. All\u00ed nos metimos a bucear y result\u00f3 ser un lugar muy bien conservado, con mucha biodiversidad donde pr\u00e1cticamente es posible ver todas las especies submareales que existen en la Patagonia. Una de las m\u00e1s escasas y emblem\u00e1ticas es el coral rojo (Corallium rubrum).<\/p>\n<p>Otro lugar que tambi\u00e9n me ha conmovido mucho es Nazca Desventurada que hoy es un parque marino.<\/p>\n<figure id=\"attachment_216024\" class=\"wp-caption alignnone\"><img class=\"size-medium wp-image-216024\" src=\"https:\/\/imgs.mongabay.com\/wp-content\/uploads\/sites\/25\/2020\/06\/06222800\/ESM2378-Fundaci%C3%B3n-MERI-Eduardo-Sorensen-Melimoyu-768x512.jpg\" sizes=\"(max-width: 768px) 100vw, 768px\" srcset=\"https:\/\/imgs.mongabay.com\/wp-content\/uploads\/sites\/25\/2020\/06\/06222800\/ESM2378-Fundaci%C3%B3n-MERI-Eduardo-Sorensen-Melimoyu-768x513.jpg 768w, https:\/\/imgs.mongabay.com\/wp-content\/uploads\/sites\/25\/2020\/06\/06222800\/ESM2378-Fundaci%C3%B3n-MERI-Eduardo-Sorensen-Melimoyu-1200x800.jpg 1200w, https:\/\/imgs.mongabay.com\/wp-content\/uploads\/sites\/25\/2020\/06\/06222800\/ESM2378-Fundaci%C3%B3n-MERI-Eduardo-Sorensen-Melimoyu-610x407.jpg 610w\" alt=\"\" width=\"768\" height=\"512\" \/><figcaption class=\"wp-caption-text\">Coral rojo de la Patagonia, Melimoyu. Fundaci\u00f3n MERI-Eduardo Sorensen<\/figcaption><\/figure>\n<p><strong>\u00bfCu\u00e1l es una de tus fotograf\u00eda favoritas?\u00a0<\/strong><\/p>\n<p>Una de mis fotos favoritas la tom\u00e9 en Islote Locos, en el archipi\u00e9lago de las Guaitecas. Fuimos para Fundaci\u00f3n MERI a este lugar donde hay una enorme colonia de lobos finos australes. Al saltar al agua se acercaron inmediatamente a nosotros. Este islote tiene un fondo marino muy biodiverso con an\u00e9monas de gran tama\u00f1o. Estaba componiendo una imagen de una de estas an\u00e9monas cuando me di cuenta que los lobos pasaban por atr\u00e1s y esa imagen pod\u00eda ser una buena muestra de lo que se ve en ese lugar: combinar en una misma imagen la fauna asociada al fondo y los lobos australes.<\/p>\n<figure id=\"attachment_215974\" class=\"wp-caption alignnone\"><img class=\"size-medium wp-image-215974\" src=\"https:\/\/imgs.mongabay.com\/wp-content\/uploads\/sites\/25\/2020\/06\/04215203\/ESM_4476-Fundacion-MERI-Eduardo-Sorensen-Foto-favorita-768x512.jpg\" sizes=\"(max-width: 768px) 100vw, 768px\" srcset=\"https:\/\/imgs.mongabay.com\/wp-content\/uploads\/sites\/25\/2020\/06\/04215203\/ESM_4476-Fundacion-MERI-Eduardo-Sorensen-Foto-favorita-768x513.jpg 768w, https:\/\/imgs.mongabay.com\/wp-content\/uploads\/sites\/25\/2020\/06\/04215203\/ESM_4476-Fundacion-MERI-Eduardo-Sorensen-Foto-favorita-1200x800.jpg 1200w, https:\/\/imgs.mongabay.com\/wp-content\/uploads\/sites\/25\/2020\/06\/04215203\/ESM_4476-Fundacion-MERI-Eduardo-Sorensen-Foto-favorita-610x407.jpg 610w\" alt=\"\" width=\"768\" height=\"512\" \/><figcaption class=\"wp-caption-text\">An\u00e9mona del sur y Lobo de mar austral, Malimoyu. Fundacion MERI-Eduardo Sorensen<\/figcaption><\/figure>\n<p><strong>\u00bfCu\u00e1l trabajo fotogr\u00e1fico ha sido el m\u00e1s desafiante para ti?\u00a0<\/strong><\/p>\n<p>Trabajar en aguas fr\u00edas y con escasa visibilidad creo que representa un desaf\u00edo extra desde el punto de vista t\u00e9cnico para obtener buenos resultados. En este sentido fotografiar en la Patagonia y en algunos lugares de la costa central siempre supone un desaf\u00edo mayor.<\/p>\n<figure id=\"attachment_215967\" class=\"wp-caption alignnone\"><img class=\"size-medium wp-image-215967\" src=\"https:\/\/imgs.mongabay.com\/wp-content\/uploads\/sites\/25\/2020\/06\/04215126\/ESM_0115-Fundacion-MERI-Eduardo-Sorensen-Melimoyu-Foto-complicada-768x512.jpg\" sizes=\"(max-width: 768px) 100vw, 768px\" srcset=\"https:\/\/imgs.mongabay.com\/wp-content\/uploads\/sites\/25\/2020\/06\/04215126\/ESM_0115-Fundacion-MERI-Eduardo-Sorensen-Melimoyu-Foto-complicada-768x513.jpg 768w, https:\/\/imgs.mongabay.com\/wp-content\/uploads\/sites\/25\/2020\/06\/04215126\/ESM_0115-Fundacion-MERI-Eduardo-Sorensen-Melimoyu-Foto-complicada-1200x800.jpg 1200w, https:\/\/imgs.mongabay.com\/wp-content\/uploads\/sites\/25\/2020\/06\/04215126\/ESM_0115-Fundacion-MERI-Eduardo-Sorensen-Melimoyu-Foto-complicada-610x407.jpg 610w\" alt=\"\" width=\"768\" height=\"512\" \/><figcaption class=\"wp-caption-text\">Buzo explorando en Canal Refugio, Melimoyu. Fundacion MERI-Eduardo Sorensen<\/figcaption><\/figure>\n<p><strong>\u00bfAlguna vez estuviste en peligro haciendo tu trabajo?<\/strong><\/p>\n<p>Las \u00fanicas veces que he sentido miedo bajo el agua ha sido producto de cambios de marea mientras estaba buceando. Son verdaderos r\u00edos submarinos contra los cuales uno no puede nadar y te alejan cientos de metros del bote. Afortunadamente, en el sur trabajamos con capitanes con mucha experiencia que saben de esta situaci\u00f3n y est\u00e1n muy atentos\u00a0para ir a recogernos.<\/p>\n<figure id=\"attachment_215970\" class=\"wp-caption alignnone\"><img class=\"size-medium wp-image-215970\" src=\"https:\/\/imgs.mongabay.com\/wp-content\/uploads\/sites\/25\/2020\/06\/04215141\/ESM_2194Eduardo-Sorensen-Pen%C3%ADnsula-Hualp%C3%A9n-768x512.jpg\" sizes=\"(max-width: 768px) 100vw, 768px\" srcset=\"https:\/\/imgs.mongabay.com\/wp-content\/uploads\/sites\/25\/2020\/06\/04215141\/ESM_2194Eduardo-Sorensen-Pen%C3%ADnsula-Hualp%C3%A9n-768x513.jpg 768w, https:\/\/imgs.mongabay.com\/wp-content\/uploads\/sites\/25\/2020\/06\/04215141\/ESM_2194Eduardo-Sorensen-Pen%C3%ADnsula-Hualp%C3%A9n-1200x800.jpg 1200w, https:\/\/imgs.mongabay.com\/wp-content\/uploads\/sites\/25\/2020\/06\/04215141\/ESM_2194Eduardo-Sorensen-Pen%C3%ADnsula-Hualp%C3%A9n-610x407.jpg 610w\" alt=\"\" width=\"768\" height=\"512\" \/><figcaption class=\"wp-caption-text\">Lobos de mar, Pen\u00ednsula Hualpen. Eduardo Sorensen<\/figcaption><\/figure>\n<p><strong>\u00bfDe todas las expediciones en las que has estado cu\u00e1l es la que m\u00e1s recuerdas?\u00a0<\/strong><\/p>\n<p>La expedici\u00f3n a Motu Motiro Hiva y la oportunidad de bucear con tiburones de gal\u00e1pagos. Bucear con ellos fue toda una experiencia. Uno queda como hipnotizado por su forma perfecta de nadar y de moverse bajo el agua.<\/p>\n<figure id=\"attachment_215971\" class=\"wp-caption alignnone\"><img class=\"size-medium wp-image-215971\" src=\"https:\/\/imgs.mongabay.com\/wp-content\/uploads\/sites\/25\/2020\/06\/04215147\/ESM_2319-Oceana-Eduardo-Sorensen-Motu-Motiro-Hiva-768x512.jpg\" sizes=\"(max-width: 768px) 100vw, 768px\" srcset=\"https:\/\/imgs.mongabay.com\/wp-content\/uploads\/sites\/25\/2020\/06\/04215147\/ESM_2319-Oceana-Eduardo-Sorensen-Motu-Motiro-Hiva-768x512.jpg 768w, https:\/\/imgs.mongabay.com\/wp-content\/uploads\/sites\/25\/2020\/06\/04215147\/ESM_2319-Oceana-Eduardo-Sorensen-Motu-Motiro-Hiva-1200x800.jpg 1200w\" alt=\"\" width=\"768\" height=\"512\" \/><figcaption class=\"wp-caption-text\">Tibur\u00f3n de gal\u00e1pagos en Motu Motiro Hiva. Foto: Oceana-Eduardo Sorensen<\/figcaption><\/figure>\n<p>Estuvimos 20 d\u00edas buceando en este islote y algo que me llam\u00f3 la atenci\u00f3n es que hay tiburones en los que se puede reconocer cierta personalidad. Los que se acercaban eran siempre los mismos, los distingu\u00edamos por sus marcas en las aletas o en resto del cuerpo. Los m\u00e1s grandes siempre manten\u00edan una distancia prudente de nosotros. Eran lo m\u00e1s j\u00f3venes los que se acercaban.<\/p>\n<figure id=\"attachment_215972\" class=\"wp-caption alignnone\"><img class=\"size-medium wp-image-215972\" src=\"https:\/\/imgs.mongabay.com\/wp-content\/uploads\/sites\/25\/2020\/06\/04215152\/ESM_2367-Oceana-Eduardo-Sorensen-Motu-Motiro-Hiva-768x512.jpg\" sizes=\"(max-width: 768px) 100vw, 768px\" srcset=\"https:\/\/imgs.mongabay.com\/wp-content\/uploads\/sites\/25\/2020\/06\/04215152\/ESM_2367-Oceana-Eduardo-Sorensen-Motu-Motiro-Hiva-768x512.jpg 768w, https:\/\/imgs.mongabay.com\/wp-content\/uploads\/sites\/25\/2020\/06\/04215152\/ESM_2367-Oceana-Eduardo-Sorensen-Motu-Motiro-Hiva-1200x800.jpg 1200w\" alt=\"\" width=\"768\" height=\"512\" \/><figcaption class=\"wp-caption-text\">Tibur\u00f3n de gal\u00e1pagos en Motu Motiro Hiva. Foto: Oceana-Eduardo Sorensen<\/figcaption><\/figure>\n<p><strong>Muchos cient\u00edficos, sobre todos aquellos que trabajan haciendo campo, se han visto afectados por la crisis actual por el COVID-19 ya que no pueden salir a trabajar. En tu caso, \u00bfc\u00f3mo ha afectado tu trabajo esta pandemia?<\/strong><\/p>\n<p>Efectivamente, la pandemia ha afectado directamente mi trabajo. El d\u00eda 13 de marzo viajar\u00eda al sur a una expedici\u00f3n con la Dra. Sylvia Earle y Mission Blue para bucear en la Patagonia norte. Ese fue el primer viaje en suspenderse producto de la pandemia.<\/p>\n<figure id=\"attachment_215956\" class=\"wp-caption alignnone\"><img class=\"size-medium wp-image-215956\" src=\"https:\/\/imgs.mongabay.com\/wp-content\/uploads\/sites\/25\/2020\/06\/04215029\/ESM1368-Frontera-Azul-Eduardo-Sorensen-Isla-Robinson-Crusoe-768x512.jpg\" sizes=\"(max-width: 768px) 100vw, 768px\" srcset=\"https:\/\/imgs.mongabay.com\/wp-content\/uploads\/sites\/25\/2020\/06\/04215029\/ESM1368-Frontera-Azul-Eduardo-Sorensen-Isla-Robinson-Crusoe-768x513.jpg 768w, https:\/\/imgs.mongabay.com\/wp-content\/uploads\/sites\/25\/2020\/06\/04215029\/ESM1368-Frontera-Azul-Eduardo-Sorensen-Isla-Robinson-Crusoe-1200x800.jpg 1200w, https:\/\/imgs.mongabay.com\/wp-content\/uploads\/sites\/25\/2020\/06\/04215029\/ESM1368-Frontera-Azul-Eduardo-Sorensen-Isla-Robinson-Crusoe-610x407.jpg 610w\" alt=\"\" width=\"768\" height=\"512\" \/><figcaption class=\"wp-caption-text\">Pez Callanthias en aguas de Juan Fernandez. Frontera Azul-Eduardo Sorensen<\/figcaption><\/figure>\n<p>Luego\u00a0ten\u00edamos programados dos viajes a Juan Fern\u00e1ndez y a Rapa Nui con Frontera Azul para la realizaci\u00f3n de un documental sobre peces de islas oce\u00e1nicas. Por ahora estos viajes se encuentran reprogramados para el segundo semestre.<\/p>\n<figure id=\"attachment_215973\" class=\"wp-caption alignnone\"><img class=\"size-medium wp-image-215973\" src=\"https:\/\/imgs.mongabay.com\/wp-content\/uploads\/sites\/25\/2020\/06\/04215158\/ESM_2607-Oceana-Eduardo-Sorensen-Motu-Motiro-Hiva-768x512.jpg\" sizes=\"(max-width: 768px) 100vw, 768px\" srcset=\"https:\/\/imgs.mongabay.com\/wp-content\/uploads\/sites\/25\/2020\/06\/04215158\/ESM_2607-Oceana-Eduardo-Sorensen-Motu-Motiro-Hiva-768x512.jpg 768w, https:\/\/imgs.mongabay.com\/wp-content\/uploads\/sites\/25\/2020\/06\/04215158\/ESM_2607-Oceana-Eduardo-Sorensen-Motu-Motiro-Hiva-1200x800.jpg 1200w\" alt=\"\" width=\"768\" height=\"512\" \/><figcaption class=\"wp-caption-text\">Cardumen de Nanues cerca de una rompiente en Motu Motor Hiva. Oceana-Eduardo Sorensen<\/figcaption><\/figure>\n<p>Actualmente no se puede bucear y el retorno creo que tomar\u00e1 un tiempo. Especialmente por las medidas de cuidado que tendr\u00e1n que tomar los centros de buceo, pero ya est\u00e1n trabajando en ello y estoy seguro de que lo sabr\u00e1n manejar bien.<\/p>\n<figure id=\"attachment_215955\" class=\"wp-caption alignnone\"><img class=\"size-medium wp-image-215955\" src=\"https:\/\/imgs.mongabay.com\/wp-content\/uploads\/sites\/25\/2020\/06\/04215024\/ESM0895-Frontera-Azul-Eduardo-Sorensen-Isla-Robinson-Crusoe-768x512.jpg\" sizes=\"(max-width: 768px) 100vw, 768px\" srcset=\"https:\/\/imgs.mongabay.com\/wp-content\/uploads\/sites\/25\/2020\/06\/04215024\/ESM0895-Frontera-Azul-Eduardo-Sorensen-Isla-Robinson-Crusoe-768x513.jpg 768w, https:\/\/imgs.mongabay.com\/wp-content\/uploads\/sites\/25\/2020\/06\/04215024\/ESM0895-Frontera-Azul-Eduardo-Sorensen-Isla-Robinson-Crusoe-1200x800.jpg 1200w, https:\/\/imgs.mongabay.com\/wp-content\/uploads\/sites\/25\/2020\/06\/04215024\/ESM0895-Frontera-Azul-Eduardo-Sorensen-Isla-Robinson-Crusoe-610x407.jpg 610w\" alt=\"\" width=\"768\" height=\"512\" \/><figcaption class=\"wp-caption-text\">Langosta liberada por pescadores en Juan Fernandez. Frontera Azul-Eduardo Sorensen<\/figcaption><\/figure>\n<p>En estos d\u00edas estoy haciendo cursos de fotograf\u00eda submarina por videollamadas. Ten\u00eda cierto temor de que no funcionaran, pero afortunadamente han resultado bastante bien y podemos cubrir todos los temas y resolver las dudas que surgen. Esperamos poder hacer las pr\u00e1cticas en el mar en cuanto se pueda retornar al buceo.<\/p>\n<p><em><strong>*Imagen principal:<\/strong>\u00a0pez Hotumatua, Rapa Nui.<strong>\u00a0Foto<\/strong>: Eduardo Sorensen.<\/em><\/p>\n<p>Fuente: <a href=\"https:\/\/es.mongabay.com\/2020\/06\/oceanos-expediciones-las-increibles-imagenes-submarinas-de-eduardo-sorensen\/\">Mongabay<\/a><\/figure>\n","protected":false},"excerpt":{"rendered":"<p>El fot\u00f3grafo submarino ha capturado im\u00e1genes a lo largo del mar chileno para registrar la sorprendente biodiversidad que hay en&#8230;<\/p>\n","protected":false},"author":1,"featured_media":66141,"comment_status":"closed","ping_status":"open","sticky":false,"template":"","format":"standard","meta":{"footnotes":""},"categories":[145,2],"tags":[],"class_list":{"0":"post-65996","1":"post","2":"type-post","3":"status-publish","4":"format-standard","5":"has-post-thumbnail","7":"category-meri-en-prensa","8":"category-meri"},"translation":{"provider":"WPGlobus","version":"3.0.2","language":"en","enabled_languages":["es","en"],"languages":{"es":{"title":true,"content":true,"excerpt":false},"en":{"title":false,"content":false,"excerpt":false}}},"menu_order":0,"_links":{"self":[{"href":"https:\/\/fundacionmeri.cl\/en\/wp-json\/wp\/v2\/posts\/65996","targetHints":{"allow":["GET"]}}],"collection":[{"href":"https:\/\/fundacionmeri.cl\/en\/wp-json\/wp\/v2\/posts"}],"about":[{"href":"https:\/\/fundacionmeri.cl\/en\/wp-json\/wp\/v2\/types\/post"}],"author":[{"embeddable":true,"href":"https:\/\/fundacionmeri.cl\/en\/wp-json\/wp\/v2\/users\/1"}],"replies":[{"embeddable":true,"href":"https:\/\/fundacionmeri.cl\/en\/wp-json\/wp\/v2\/comments?post=65996"}],"version-history":[{"count":0,"href":"https:\/\/fundacionmeri.cl\/en\/wp-json\/wp\/v2\/posts\/65996\/revisions"}],"wp:featuredmedia":[{"embeddable":true,"href":"https:\/\/fundacionmeri.cl\/en\/wp-json\/wp\/v2\/media\/66141"}],"wp:attachment":[{"href":"https:\/\/fundacionmeri.cl\/en\/wp-json\/wp\/v2\/media?parent=65996"}],"wp:term":[{"taxonomy":"category","embeddable":true,"href":"https:\/\/fundacionmeri.cl\/en\/wp-json\/wp\/v2\/categories?post=65996"},{"taxonomy":"post_tag","embeddable":true,"href":"https:\/\/fundacionmeri.cl\/en\/wp-json\/wp\/v2\/tags?post=65996"}],"curies":[{"name":"wp","href":"https:\/\/api.w.org\/{rel}","templated":true}]}}