{"id":65018,"date":"2019-12-04T18:53:24","date_gmt":"2019-12-04T21:53:24","guid":{"rendered":"https:\/\/www.fundacionmeri.cl\/?p=65018"},"modified":"2020-09-03T01:50:54","modified_gmt":"2020-09-03T04:50:54","slug":"esta-manana-en-cop25-comite-cientifico-entrega-recomendaciones-de-accion-climatica-en-siete-ejes","status":"publish","type":"post","link":"https:\/\/fundacionmeri.cl\/en\/esta-manana-en-cop25-comite-cientifico-entrega-recomendaciones-de-accion-climatica-en-siete-ejes\/","title":{"rendered":"Esta ma\u00f1ana en COP25: Comit\u00e9 Cient\u00edfico entrega recomendaciones de acci\u00f3n clim\u00e1tica en siete ejes"},"content":{"rendered":"<p><span lang=\"ES-CL\">El ministro Andr\u00e9s Couve destac\u00f3 el reporte de los investigadores chilenos, dirigido por la climat\u00f3loga Maisa Rojas, como un insumo in\u00e9dito en los procesos de disen\u0303o e implementacio\u0301n de poli\u0301ticas pu\u0301blicas para enfrentar el cambio clima\u0301tico.\u00a0<\/span><span lang=\"ES-CL\">Para Fundaci\u00f3n MERI es un honor haber aportado al trabajo de esta comisi\u00f3n, especialmente a la mesa de Agua, a trav\u00e9s de las investigaciones del equipo cient\u00edfico.<\/span><\/p>\n<p><span lang=\"ES-CL\">La<\/span><span lang=\"ES-CL\">\u00a0experta en cambio clim\u00e1tico, Maisa Rojas, coordinadora del Comit\u00e9 Cient\u00edfico COP25, entreg\u00f3 esta ma\u00f1ana al ministro de Ciencia, Tecnolog\u00eda, Conocimiento e Innovaci\u00f3n, Andr\u00e9s Couve, una s\u00edntesis del trabajo de m\u00e1s de 600 investigadoras e investigadores chilenos para la cumbre de acci\u00f3n clim\u00e1tica m\u00e1s importante del mundo.\u00a0<\/span><\/p>\n<p><span lang=\"ES-CL\">Bajo el t\u00edtulo \u201cInformes de mesas cient\u00edficas. Resumen para tomadores de decisiones\u201d, el reporte de la comunidad cient\u00edfica local,\u00a0<b>sintetiza recomendaciones y evidencia sobre siete ejes claves para enfrentar el cambio clim\u00e1tico<\/b>: Ant\u00e1rtica, oc\u00e9anos, agua, biodiversidad, ciudades, adaptaci\u00f3n y mitigaci\u00f3n y Energ\u00eda.<\/span><\/p>\n<p><span lang=\"ES-CL\">\u201cAnte todo quiero agradecer a nuestra comunidad cient\u00edfica. A todos aquellos que respondieron a la invitaci\u00f3n del Ministerio de Ciencia hace m\u00e1s de siete meses y que de manera voluntaria y generosa se sumaron a este comit\u00e9 liderado por Maisa Rojas y los coordinadores de las 7 mesas\u201d, se\u00f1al\u00f3 el ministro Andr\u00e9s Couve al inicio de sus palabras.<\/span><\/p>\n<p><span lang=\"ES-CL\">Tras recibir el informe, el ministro agradeci\u00f3 al gran n\u00famero de investigadores, centros y Universidades que forman parte del Comit\u00e9 Cient\u00edfico: \u201cTodos ellos hicieron posible que hoy recibamos este documento que<b>\u00a0simboliza el compromiso de un trabajo in\u00e9dito de la ciencia chilena: poner la evidencia en cambio clim\u00e1tico al servicio del pa\u00eds y la acci\u00f3n clim\u00e1tica mundial, a la luz de la COP25.<\/b>\u00a0Este hito da cuenta c\u00f3mo cambia el rol de Chile en estos espacios ahora con un Ministerio de Ciencia en nuestro pa\u00eds.\u00a0<b>La Ciencia Chilena logr\u00f3 instalarse en la agenda de la COP25 y sent\u00f3 un precedente para las COP futuras<\/b>\u201d, destac\u00f3.<\/span><\/p>\n<p><span lang=\"ES-CL\">Maisa Rojas, investigadora en cambio clim\u00e1tico que dirigi\u00f3 el trabajo del equipo cient\u00edfico\u00a0\u00a0e integr\u00f3 el Consejo Presidencial COP25 se\u00f1al\u00f3:\u00a0\u00a0&#8220;<b>La conformaci\u00f3n de este comit\u00e9 cient\u00edfico es un hecho in\u00e9dito de cooperaci\u00f3n entre la ciencia y la toma de decisiones, y esperamos que sirva de modelo para pr\u00f3ximos procesos<\/b>\u00a0donde sea necesario discutir temas que son relevantes para el pa\u00eds&#8221;.<\/span><\/p>\n<p><span lang=\"ES-CL\">Tras la entrega del informe, el ministro Andr\u00e9s Couve se\u00f1al\u00f3 que \u201c<b>el desaf\u00edo siguiente implica tener la capacidad de institucionalizar este modelo de participaci\u00f3n e incidencia<\/b>, mediante estructuras que faciliten los aportes regulares de la comunidad cient\u00edfica frente a demandas de pol\u00edticas p\u00fablicas. Y transitar de informes donde la evidencia es contundente, a acciones ambiciosas basadas en ese conocimiento\u201d.<\/span><\/p>\n<h2 align=\"center\"><b><span lang=\"ES-CL\">7 ejes de acci\u00f3n clim\u00e1tica para pol\u00edticas p\u00fablicas<\/span><\/b><\/h2>\n<p><span lang=\"ES-CL\">La s\u00edntesis para tomadores de decisiones del Comit\u00e9 cient\u00edfico COP25 se divide en cada una de las mesas de trabajo en las que se organiz\u00f3 este grupo de investigadores e investigadoras:<\/span><span lang=\"ES-CL\">\u00a0<\/span><\/p>\n<ol start=\"1\" type=\"1\">\n<li><b><span lang=\"ES-CL\">Mesa de Mitigaci\u00f3n y Energ\u00eda\u00a0<\/span><\/b><span lang=\"ES-CL\">(Coordinada por Rodrigo Palma-Behnke)<b><\/b><\/span><\/li>\n<\/ol>\n<p><span lang=\"ES-CL\">El informe se\u00f1ala que los esfuerzos por mitigar abordan las causas del cambio clim\u00e1tico mediante la reducci\u00f3n, captura y secuestro de emisiones de gases de efecto invernadero. Para lograr este objetivo, la mesa de mitigaci\u00f3n estableci\u00f3 un trabajo coordinado durante un a\u00f1o para evaluar las Contribuciones Determinadas a nivel Nacional (NDC) elaboradas por los Ministerio de Energi\u0301a, Medio Ambiente y Haciend, y establece recomendaciones para su actualizaci\u00f3n. Por ejemplo, sugiere establecer mecanismos de monitoreo de las soluciones existentes e incorporar soluciones basadas en la naturaleza dentro de las estrategias.<\/span><\/p>\n<ol start=\"2\" type=\"1\">\n<li><b><span lang=\"ES-CL\">Mesa de Adaptaci\u00f3n\u00a0<\/span><\/b><span lang=\"ES-CL\">(Coordinada por Sebasti\u00e1n Vicu\u00f1a y Paulina Aldunce)<b><\/b><\/span><\/li>\n<\/ol>\n<p><span lang=\"ES-CL\">La adaptaci\u00f3n aborda las consecuencias, los impactos y los riesgos del cambio clim\u00e1tico. Las recomendaciones de la mesa apuntan a reducir las principales brechas detectadas en el \u00e1rea: i) brechas respecto de las capacidades para identificar necesidades de adaptacio\u0301n, con el fin de implementar las medidas requeridas de una manera participativa y legi\u0301tima; ii) brechas asociadas a los instrumentos de poli\u0301tica pu\u0301blica disen\u0303ados para promover e implementar la adaptacio\u0301n; iii) brechas en la promocio\u0301n de facilitadores y la reduccio\u0301n de obsta\u0301culos en la implementacio\u0301n de la adaptacio\u0301n; y iv) brechas en la identificacio\u0301n de medidas de tipo transformacional y otros temas emergentes que au\u0301n no han sido incorporados del todo en los procesos de adaptacio\u0301n en Chile.<\/span><\/p>\n<ol start=\"3\" type=\"1\">\n<li><b><span lang=\"ES-CL\">Mesa de agua\u00a0<\/span><\/b><span lang=\"ES-CL\">(Coordinada por Alejandra Stehr)<b><\/b><\/span><\/li>\n<\/ol>\n<p><span lang=\"ES-CL\">La mesa de agua entrega recomendaciones en 4 aspectos: i) gobernanza del agua en Chile, ii) escasez hi\u0301drica, iii) calidad del agua, y iv) adaptacio\u0301n en recursos hi\u0301dricos frente al cambio clima\u0301tico.<\/span><\/p>\n<ol start=\"4\" type=\"1\">\n<li><b><span lang=\"ES-CL\">Mesa de biodiversidad\u00a0<\/span><\/b><span lang=\"ES-CL\">(Coordinada por Pablo Marquet)<b><\/b><\/span><\/li>\n<\/ol>\n<p><span lang=\"ES-CL\">La mesa de biodiversidad se enfoc\u00f3 en revisar evidencia de la conservaci\u00f3n, manejo y restauraci\u00f3n de los ecosistemas y el resguardo de la biodiversidad, el cambio en el uso de la tierra es el principal motor asociado a la actual declinaci\u00f3n de la biodiversidad y provisi\u00f3n de servicios ecosist\u00e9micos. Algunas de las recomendaciones de esta mesa se enfocan en disponibilizar y aumentar la informaci\u00f3n de la biodiversidad, as\u00ed como aumentar las \u00e1reas protegidas y establecer un plan de restauraci\u00f3n de ecosistemas.<\/span><\/p>\n<ol start=\"5\" type=\"1\">\n<li><b><span lang=\"ES-CL\">Mesa Ciudades\u00a0<\/span><\/b><span lang=\"ES-CL\">(Coordinada por Juan Carlos Mu\u00f1oz)<b><\/b><\/span><\/li>\n<\/ol>\n<p><span lang=\"ES-CL\">La mesa Ciudades aborda la vulnerabilidad clim\u00e1tica desde la perspectiva de las ciudades y de disminuir su contribucio\u0301n al cambio clima\u0301tico. Algunos de los temas destacados en el informe son movilidad, edificaci\u00f3n, econom\u00eda circular, espacios verdes, entre otros. Algunas de las propuestas de esta mesa son fortalecer la planificaci\u00f3n urbana en coherencia a los objetivos de desarrollo sostenible, mejorar la caracterizaci\u00f3n de la vulnerabilidad clim\u00e1tica y elaborar una ley de movilidad urbana sostenible.<\/span><\/p>\n<ol start=\"6\" type=\"1\">\n<li><b><span lang=\"ES-CL\">Mesa Cri\u00f3sfera y Ant\u00e1rtica\u00a0<\/span><\/b><span lang=\"ES-CL\">(Coordinada por Humberto Gonz\u00e1lez)<b><\/b><\/span><\/li>\n<\/ol>\n<p><span lang=\"ES-CL\">La cri\u00f3sfera re\u00fane una biodiversidad particular que sustenta gran cantidad de subsistemas ecol\u00f3gicos y servicios ecosist\u00e9micos vitales. Las recomendaciones de esta mesa se enfocan en mejorar el acceso a datos y monitoreo de la cri\u00f3sfera, aprovechando las ventajas comparativas del pa\u00eds para convertir a Chile en un laboratorio natural del cambio clim\u00e1tico.<\/span><\/p>\n<p><b><span lang=\"ES-CL\">Mesa oc\u00e9anos\u00a0<\/span><\/b><span lang=\"ES-CL\">(Coordinada por Laura Far\u00edas)<\/span><\/p>\n<p><span lang=\"ES-CL\">La mesa de oc\u00e9anos propone implementar un Sistema Integrado de Observaci\u00f3n del Oc\u00e9ano Chileno, actualizar el plan de adaptaci\u00f3n al Cambio Clim\u00e1tico en Pesca y Acuicultura, medidas para aportar desde el oc\u00e9anos a las Contribuciones Determinadas a nivel Nacional (NDC).<\/span><\/p>\n<p><span lang=\"ES-CL\">Adem\u00e1s, el contexto social de nuestro pa\u00eds tambi\u00e9n fue recogido por el grupo cient\u00edfico:\u00a0\u201cA partir de la crisis social y poli\u0301tica que estallo\u0301 en el pai\u0301s en octubre 2019, se vuelve evidente que los efectos de la inequidad territorial se agudizan conforme avanza el cambio clima\u0301tico. Desde esta perspectiva, y sobre la base de la evidencia recogida por el Comite\u0301 Cienti\u0301fico COP25, hoy es ma\u0301s urgente que antes revisar las bases sobre las que se cimenta el desarrollo, acoger el conocimiento adquirido y orientar a Chile de forma decidida hacia un desarrollo integral, sostenible, e inclusivo\u201d, se\u00f1ala el informe.<\/span><\/p>\n<p><span lang=\"ES-CL\">El reporte completo del Comit\u00e9 Cient\u00edfico COP25 est\u00e1 disponible en la p\u00e1gina del Ministerio de Ciencia:\u00a0<\/span><\/p>\n<p><span lang=\"EN\"><a href=\"http:\/\/www.minciencia.gob.cl\/sites\/default\/files\/resumen_mesas_21.pdf\" target=\"_blank\" rel=\"noopener noreferrer\" data-saferedirecturl=\"https:\/\/www.google.com\/url?q=http:\/\/www.minciencia.gob.cl\/sites\/default\/files\/resumen_mesas_21.pdf&amp;source=gmail&amp;ust=1575570583763000&amp;usg=AFQjCNFQDyXG0md5XM_1Xw6aIkfCYKKgtw\"><span lang=\"ES-CL\">http:\/\/www.minciencia.gob.cl\/<wbr \/>sites\/default\/files\/resumen_<wbr \/>mesas_21.pdf<\/span><\/a><\/span><b><\/b><i><\/i><u><\/u>    \t<\/p>\n","protected":false},"excerpt":{"rendered":"<p>El ministro Andr\u00e9s Couve destac\u00f3 el reporte de los investigadores chilenos, dirigido por la climat\u00f3loga Maisa Rojas, como un insumo&#8230;<\/p>\n","protected":false},"author":1,"featured_media":66255,"comment_status":"closed","ping_status":"open","sticky":false,"template":"","format":"standard","meta":{"footnotes":""},"categories":[173,2],"tags":[],"class_list":{"0":"post-65018","1":"post","2":"type-post","3":"status-publish","4":"format-standard","5":"has-post-thumbnail","7":"category-cop-25","8":"category-meri"},"translation":{"provider":"WPGlobus","version":"3.0.2","language":"en","enabled_languages":["es","en"],"languages":{"es":{"title":true,"content":true,"excerpt":false},"en":{"title":false,"content":false,"excerpt":false}}},"menu_order":0,"_links":{"self":[{"href":"https:\/\/fundacionmeri.cl\/en\/wp-json\/wp\/v2\/posts\/65018","targetHints":{"allow":["GET"]}}],"collection":[{"href":"https:\/\/fundacionmeri.cl\/en\/wp-json\/wp\/v2\/posts"}],"about":[{"href":"https:\/\/fundacionmeri.cl\/en\/wp-json\/wp\/v2\/types\/post"}],"author":[{"embeddable":true,"href":"https:\/\/fundacionmeri.cl\/en\/wp-json\/wp\/v2\/users\/1"}],"replies":[{"embeddable":true,"href":"https:\/\/fundacionmeri.cl\/en\/wp-json\/wp\/v2\/comments?post=65018"}],"version-history":[{"count":0,"href":"https:\/\/fundacionmeri.cl\/en\/wp-json\/wp\/v2\/posts\/65018\/revisions"}],"wp:featuredmedia":[{"embeddable":true,"href":"https:\/\/fundacionmeri.cl\/en\/wp-json\/wp\/v2\/media\/66255"}],"wp:attachment":[{"href":"https:\/\/fundacionmeri.cl\/en\/wp-json\/wp\/v2\/media?parent=65018"}],"wp:term":[{"taxonomy":"category","embeddable":true,"href":"https:\/\/fundacionmeri.cl\/en\/wp-json\/wp\/v2\/categories?post=65018"},{"taxonomy":"post_tag","embeddable":true,"href":"https:\/\/fundacionmeri.cl\/en\/wp-json\/wp\/v2\/tags?post=65018"}],"curies":[{"name":"wp","href":"https:\/\/api.w.org\/{rel}","templated":true}]}}