{"id":64858,"date":"2019-10-23T18:40:00","date_gmt":"2019-10-23T18:40:00","guid":{"rendered":"https:\/\/www.fundacionmeri.cl\/?p=64858"},"modified":"2020-09-02T17:31:49","modified_gmt":"2020-09-02T20:31:49","slug":"con-llamado-al-dialogo-y-la-colaboracion-concluye-seminario-sobre-cambio-climatico","status":"publish","type":"post","link":"https:\/\/fundacionmeri.cl\/en\/con-llamado-al-dialogo-y-la-colaboracion-concluye-seminario-sobre-cambio-climatico\/","title":{"rendered":"Con llamado al di\u00e1logo y  la colaboraci\u00f3n concluye seminario sobre cambio clim\u00e1tico"},"content":{"rendered":"<div class=\"wpb-content-wrapper\"><p>[vc_row][vc_column][vc_column_text]El pasado viernes 18 de octubre, el auditorio principal de FAO, Organizaci\u00f3n de Naciones Unidas para la Agricultura y la Alimentaci\u00f3n, se convirti\u00f3 en un espacio de di\u00e1logo y encuentro para l\u00edderes provenientes del sector p\u00fablico, privado y de las organizaciones de la sociedad civil. Una conversaci\u00f3n sobre el necesario desarrollo integral y sostenible que se necesita en Chile, especialmente en un escenario de cambio clim\u00e1tico, que incluy\u00f3 a este tri\u00e1ngulo virtuoso y que fue propiciada por Filantrop\u00eda Cort\u00e9s Solari y la C\u00e1mara Chilena Norteamericana de Comercio, AmCham Chile.<\/p>\n<p>Puedes descargar las presentaciones de ese d\u00eda y ver las im\u00e1genes que grafican este interesante encuentro.<\/p>\n<ul>\n<li><a href=\"https:\/\/www.fundacionmeri.cl\/wp-content\/uploads\/2019\/10\/Conservaci\u00f3n-Efectiva-FAO-Matias-Asun.pdf\">Conservaci\u00f3n Efectiva FAO, Matias Asun<\/a><\/li>\n<li><a href=\"https:\/\/www.fundacionmeri.cl\/wp-content\/uploads\/2019\/10\/Ciro-Colombara.pdf\">Cambio Clim\u00e1tico y Derechos Humanos, Ciro Colombara L.<\/a><\/li>\n<li><a href=\"https:\/\/www.fundacionmeri.cl\/wp-content\/uploads\/2019\/10\/Sara-Larra\u00edn.pdf\">Programa Chile Sustentable, propuesta ciudadana para el cambio<\/a><\/li>\n<\/ul>\n<p>&nbsp;<\/p>\n<p align=\"center\"><iframe src=\"https:\/\/www.youtube.com\/embed\/odpJ7vaQc7A\" width=\"560\" height=\"315\" frameborder=\"0\" allowfullscreen=\"allowfullscreen\"><\/iframe><\/p>\n<p>[\/vc_column_text][\/vc_column][\/vc_row]<\/p>\n<\/div>","protected":false},"excerpt":{"rendered":"<p>[vc_row][vc_column][vc_column_text]El pasado viernes 18 de octubre, el auditorio principal de FAO, Organizaci\u00f3n de Naciones Unidas para la Agricultura y la&#8230;<\/p>\n","protected":false},"author":1,"featured_media":66289,"comment_status":"closed","ping_status":"open","sticky":false,"template":"","format":"standard","meta":{"footnotes":""},"categories":[2],"tags":[],"class_list":{"0":"post-64858","1":"post","2":"type-post","3":"status-publish","4":"format-standard","5":"has-post-thumbnail","7":"category-meri"},"translation":{"provider":"WPGlobus","version":"3.0.2","language":"en","enabled_languages":["es","en"],"languages":{"es":{"title":true,"content":true,"excerpt":false},"en":{"title":false,"content":false,"excerpt":false}}},"menu_order":0,"_links":{"self":[{"href":"https:\/\/fundacionmeri.cl\/en\/wp-json\/wp\/v2\/posts\/64858","targetHints":{"allow":["GET"]}}],"collection":[{"href":"https:\/\/fundacionmeri.cl\/en\/wp-json\/wp\/v2\/posts"}],"about":[{"href":"https:\/\/fundacionmeri.cl\/en\/wp-json\/wp\/v2\/types\/post"}],"author":[{"embeddable":true,"href":"https:\/\/fundacionmeri.cl\/en\/wp-json\/wp\/v2\/users\/1"}],"replies":[{"embeddable":true,"href":"https:\/\/fundacionmeri.cl\/en\/wp-json\/wp\/v2\/comments?post=64858"}],"version-history":[{"count":0,"href":"https:\/\/fundacionmeri.cl\/en\/wp-json\/wp\/v2\/posts\/64858\/revisions"}],"wp:featuredmedia":[{"embeddable":true,"href":"https:\/\/fundacionmeri.cl\/en\/wp-json\/wp\/v2\/media\/66289"}],"wp:attachment":[{"href":"https:\/\/fundacionmeri.cl\/en\/wp-json\/wp\/v2\/media?parent=64858"}],"wp:term":[{"taxonomy":"category","embeddable":true,"href":"https:\/\/fundacionmeri.cl\/en\/wp-json\/wp\/v2\/categories?post=64858"},{"taxonomy":"post_tag","embeddable":true,"href":"https:\/\/fundacionmeri.cl\/en\/wp-json\/wp\/v2\/tags?post=64858"}],"curies":[{"name":"wp","href":"https:\/\/api.w.org\/{rel}","templated":true}]}}