{"id":64284,"date":"2019-04-17T18:56:41","date_gmt":"2019-04-17T18:56:41","guid":{"rendered":"https:\/\/www.fundacionmeri.cl\/?p=64284"},"modified":"2020-09-02T20:22:50","modified_gmt":"2020-09-02T23:22:50","slug":"primera-escuela-de-innovacion-para-el-aprendizaje-en-castro","status":"publish","type":"post","link":"https:\/\/fundacionmeri.cl\/en\/primera-escuela-de-innovacion-para-el-aprendizaje-en-castro\/","title":{"rendered":"Primera Escuela de innovaci\u00f3n para el aprendizaje en Castro"},"content":{"rendered":"<p>El Centro de Creaci\u00f3n (CECREA) perteneciente al Ministerio de las Culturas y el Patrimonio, apoyado por Fundaci\u00f3n MERI y Fundaci\u00f3n Caserta, est\u00e1 desarrollando acciones y programas de formaci\u00f3n integral de procesos educativos, culturales, cient\u00edficos y medioambientales de Chilo\u00e9. Una de las primeras acciones que se llevar\u00e1n a cabo ser\u00e1 la formaci\u00f3n de equipos para <strong>la primera Escuela de Innovaci\u00f3n para el Aprendizaje en Castro<\/strong>, la cual comenzar\u00e1 el 13 de mayo.<\/p>\n<p>CECREA es un programa de Centros de Creaci\u00f3n perteneciente a la Subsecretar\u00eda de las Culturas y las Artes, el cual busca potenciar, facilitar y desarrollar los derechos a imaginar y crear de ni\u00f1os, ni\u00f1as y j\u00f3venes. Esto a trav\u00e9s de procesos creativos de aprendizaje que convergen en las artes, la ciencia, la tecnolog\u00eda y la sustentabilidad ambiental.<\/p>\n<p>Para esto, Cecrea en colaboraci\u00f3n de Fundaci\u00f3n MERI y Fundaci\u00f3n Caserta, est\u00e1n desarrollando acciones y programas de formaci\u00f3n integral dirigidos a formadores, educadores, facilitadores y mediadores de procesos educativos, culturales, cient\u00edficos y medioambientales del Archipi\u00e9lago de Chilo\u00e9.<\/p>\n<p>Para la directora de educaci\u00f3n ambiental de Fundaci\u00f3n MERI, Gloria Howes, \u201cesta es una gran oportunidad de complementar nuestras metodolog\u00edas, ya que CECREA tiene muy presente el derecho a imaginar y a crear. Mientras que nosotros, si bien tambi\u00e9n trabajamos con estos derechos, estamos aportando ampliamente en los contenidos de conservaci\u00f3n ambiental\u201d<\/p>\n<p>Por lo mismo, estudiantes de cuarto medio, artistas, docentes y profesionales de diferentes \u00e1reas interesados en<strong> promover procesos de aprendizaje significativos junto a ni\u00f1os, ni\u00f1as y j\u00f3venes <\/strong>se han inscrito para poder ser parte de la primera Escuela de innovaci\u00f3n para el aprendizaje, la que se llevar\u00e1 a cabo en la oficina\/palafito de Fundaci\u00f3n MERI ubicada en Castro.<\/p>\n<p>La escuela ha sido <strong>especialmente dise\u00f1ada desde la identidad y las necesidades propias de la Provincia de Chilo\u00e9 y su contexto<\/strong>, combinando las metodolog\u00edas desarrolladas por CECREA, Fundaci\u00f3n Caserta y Fundaci\u00f3n MERI.<\/p>\n<p>Para la directora de programas y extensi\u00f3n de fundaci\u00f3n Caserta, Carolina L\u00f3pez Pazos,<\/p>\n<p>\u201cEsta alianza ha abierto la posibilidad de entender la colaboraci\u00f3n metodol\u00f3gica no desde un producto que se entrega sino que se construye entre instituciones\u201d, \u201cY eso es genial, ayuda a repensar y a ver desde nuevos focos, desafiando positivamente a todos\u201d agrega Jorge Ortiz Coloma,Coordinador del Equipo de Mediaci\u00f3n Cultural.<\/p>\n<p>De esta forma se <strong>capacitaran facilitadores residentes en la comuna de Puerto Montt o la provincia de Chilo\u00e9<\/strong>, capaces de promover y desarrollar procesos de aprendizaje integral, basados en experiencias significativas y colaborativas, orientadas a j\u00f3venes de 7 a 19 a\u00f1os.<\/p>\n<p>La did\u00e1ctica incorpora los diferentes tipos de inteligencias y modos de aprender, utilizando metodolog\u00eda de co-dise\u00f1o con j\u00f3venes, trabajando la educaci\u00f3n ambiental e integral, buscando generar espacios de v\u00ednculo y presencia, activaci\u00f3n, exploraci\u00f3n y reflexi\u00f3n.<\/p>\n\n","protected":false},"excerpt":{"rendered":"<p>El Centro de Creaci\u00f3n (CECREA) perteneciente al Ministerio de las Culturas y el Patrimonio, apoyado por Fundaci\u00f3n MERI y Fundaci\u00f3n&#8230;<\/p>\n","protected":false},"author":1,"featured_media":66378,"comment_status":"closed","ping_status":"open","sticky":false,"template":"","format":"standard","meta":{"footnotes":""},"categories":[159,2],"tags":[],"class_list":{"0":"post-64284","1":"post","2":"type-post","3":"status-publish","4":"format-standard","5":"has-post-thumbnail","7":"category-cecrea","8":"category-meri"},"translation":{"provider":"WPGlobus","version":"3.0.2","language":"en","enabled_languages":["es","en"],"languages":{"es":{"title":true,"content":true,"excerpt":false},"en":{"title":false,"content":false,"excerpt":false}}},"menu_order":0,"_links":{"self":[{"href":"https:\/\/fundacionmeri.cl\/en\/wp-json\/wp\/v2\/posts\/64284","targetHints":{"allow":["GET"]}}],"collection":[{"href":"https:\/\/fundacionmeri.cl\/en\/wp-json\/wp\/v2\/posts"}],"about":[{"href":"https:\/\/fundacionmeri.cl\/en\/wp-json\/wp\/v2\/types\/post"}],"author":[{"embeddable":true,"href":"https:\/\/fundacionmeri.cl\/en\/wp-json\/wp\/v2\/users\/1"}],"replies":[{"embeddable":true,"href":"https:\/\/fundacionmeri.cl\/en\/wp-json\/wp\/v2\/comments?post=64284"}],"version-history":[{"count":0,"href":"https:\/\/fundacionmeri.cl\/en\/wp-json\/wp\/v2\/posts\/64284\/revisions"}],"wp:featuredmedia":[{"embeddable":true,"href":"https:\/\/fundacionmeri.cl\/en\/wp-json\/wp\/v2\/media\/66378"}],"wp:attachment":[{"href":"https:\/\/fundacionmeri.cl\/en\/wp-json\/wp\/v2\/media?parent=64284"}],"wp:term":[{"taxonomy":"category","embeddable":true,"href":"https:\/\/fundacionmeri.cl\/en\/wp-json\/wp\/v2\/categories?post=64284"},{"taxonomy":"post_tag","embeddable":true,"href":"https:\/\/fundacionmeri.cl\/en\/wp-json\/wp\/v2\/tags?post=64284"}],"curies":[{"name":"wp","href":"https:\/\/api.w.org\/{rel}","templated":true}]}}