{"id":63139,"date":"2018-08-31T23:12:32","date_gmt":"2018-08-31T23:12:32","guid":{"rendered":"http:\/\/test.fundacionmeri.cl\/?p=63139"},"modified":"2018-08-31T23:12:32","modified_gmt":"2018-08-31T23:12:32","slug":"raul-zurita-se-suma-a-ciclo-de-conversaciones-sobre-ballenas-en-el-centro-cultural-la-moneda","status":"publish","type":"post","link":"https:\/\/fundacionmeri.cl\/en\/raul-zurita-se-suma-a-ciclo-de-conversaciones-sobre-ballenas-en-el-centro-cultural-la-moneda\/","title":{"rendered":"Ra\u00fal Zurita se suma a ciclo de conversaciones sobre \u201cBallenas\u201d en el Centro Cultural La Moneda"},"content":{"rendered":"<p>Para dialogar y reflexionar en torno al maritorio chileno y su presencia en la literatura y en su propia obra, el poeta y Premio Nacional de Literatura Ra\u00fal Zurita, conversar\u00e1 con la periodista Vivian Lav\u00edn el mi\u00e9rcoles 05 de septiembre,\u00a0 a las 19:00 horas, en el segundo encuentro de este ciclo, organizado por Fundaci\u00f3n MERI y\u00a0 el Centro Cultural La Moneda (CCLM) como parte de la exposici\u00f3n \u201cBallenas, voces del mar de Chile\u201d.<\/p>\n<p>La poes\u00eda, la ciencia\u00a0 y la sustentabilidad son algunos de los n\u00facleos que aborda la muestra y que se har\u00e1n presente en estos nueve encuentros, que Lav\u00edn moderar\u00e1 los d\u00edas mi\u00e9rcoles a las 19:00 horas en distintos espacios del CCLM y para los cuales hay cupos limitados.<\/p>\n<p>El mi\u00e9rcoles siguiente, 12 de septiembre, la conversaci\u00f3n girar\u00e1 en torno a\u00a0 las \u00c1reas Marinas Protegidas en Chile con \u00c1lex Mu\u00f1oz, director de NatGeo Pristine Seas para Latinoam\u00e9rica,\u00a0 el Director Cient\u00edfico de Fundaci\u00f3n MERI Gustavo Chiang, Felipe Paredes del Ministerio del Medio Ambiente y Luis Felipe Rodr\u00edguez de Fundaci\u00f3n Rompientes.<\/p>\n<p>El canto de las ballenas ser\u00e1 el tema de la charla del 26 de septiembre, con Sonia Espa\u00f1ol, de\u00a0 Fundaci\u00f3n MERI, y Beatriz Bustos Oyanedel, directora del CCLM.<\/p>\n<p>El 17 de octubre se exhibir\u00e1 del documental \u201cA Plastic Ocean\u201d, que\u00a0 reflexiona sobre el da\u00f1o que el pl\u00e1stico le hace a los mares. Para conversar sobre este contingente tema estar\u00e1 Mark Mineboo, director de Plastic Ocean Chile; Michel Compa\u00f1\u00f3n, de la empresa recicladora de pl\u00e1sticos ComberPlast: y Marcela Godoy, de la Asociaci\u00f3n de Consumidores Sustentables, ADC Circular.<\/p>\n<p>El ciclo termina el 13 de noviembre, con \u201cMujer al agua: filantrop\u00eda y acci\u00f3n en tiempos de urgencia ecol\u00f3gica\u201d, con Francisca Cort\u00e9s Solari, presidenta de Filantrop\u00eda Cort\u00e9s Solari y de Fundaci\u00f3n MERI.<\/p>\n<p>La entrada a estos encuentros es gratuita, con inscripci\u00f3n previa enviando correo a:\u00a0<a href=\"http:\/\/extensi%C3%B3n@centroculturallamoneda.cl\/\" target=\"_blank\" rel=\"noopener noreferrer\" data-saferedirecturl=\"https:\/\/www.google.com\/url?hl=es&amp;q=http:\/\/extensi%C3%B3n@centroculturallamoneda.cl&amp;source=gmail&amp;ust=1535815611328000&amp;usg=AFQjCNHyLsc5Nr_15WPKLdNyShrSt_NPfQ\"><b>extensi\u00f3n@<wbr \/>centroculturallamoneda.cl<\/b><\/a><\/p>\n<p>&nbsp;<\/p>\n<p><strong>Pr\u00f3ximos conversatorios<\/strong><\/p>\n<p><strong>Mi\u00e9rcoles 12 de septiembre<\/strong><br \/>\nProhibido pasar: \u00e1reas Marinas protegidas<br \/>\nCineteca Nacional (Nivel -2), 19:00 horas.<br \/>\nInvitados: Felipe Paredes, Luis Felipe Rodr\u00edguez, \u00c1lex Mu\u00f1oz y Gustavo Chiang.<\/p>\n<p><strong>Mi\u00e9rcoles 26 de septiembre<\/strong><br \/>\nEl canto de las ballenas: sonidos del arte a la ciencia.<br \/>\nCineteca Nacional (Nivel -2), 19:00 horas.<br \/>\nInvitados: Sonia Espa\u00f1ol y Beatriz Bustos Oyanedel<\/p>\n<p><strong>Mi\u00e9rcoles 03 de octubre<\/strong><br \/>\nManifiesto antropoceno: un nuevo pacto de convivencia.<br \/>\nCineteca Nacional (Nivel -2), 19:00 horas.<br \/>\nInvitados: Manuel Tironi, Cristi\u00e1n Simonetti y Sebasti\u00e1n Riffo<\/p>\n<p><strong>Mi\u00e9rcoles 17 de octubre<\/strong><br \/>\nUn mundo de pl\u00e1stico: buscando v\u00edas de escape.<br \/>\nCineteca Nacional (Nivel -2), 19:00 horas.<br \/>\nInvitados: Mark Mineboo, Michel Compa\u00f1\u00f3n y Marcela Godoy<\/p>\n<p><strong>Mi\u00e9rcoles 24 de octubre<\/strong><br \/>\nMujeres con-ciencia: agentes de cambio desde una perspectiva de g\u00e9nero.<br \/>\nSala Pac\u00edfico (Nivel -3), 19:00 horas.<br \/>\nInvitada: Paulina Bahamonde<\/p>\n<p><strong>Mi\u00e9rcoles 7 de noviembre<\/strong><br \/>\nMar de Chile, refugio de cet\u00e1ceos: el misterio del varamiento de ballenas Sei.<br \/>\nCineteca Nacional (Nivel -2), 19:00 horas.<br \/>\nInvitados: Keri Pashuk y Mauricio Ulloa<\/p>\n<p><strong>Martes 13 de noviembre<\/strong><br \/>\nMujer al agua: filantrop\u00eda y acci\u00f3n en tiempos de urgencia ecol\u00f3gica.<br \/>\nSala Pac\u00edfico (Nivel -3),\u00a0 19:00 horas.<br \/>\nInvitada: Francisca Cort\u00e9s Solari    \t<\/p>\n","protected":false},"excerpt":{"rendered":"<p>Para dialogar y reflexionar en torno al maritorio chileno y su presencia en la literatura y en su propia obra,&#8230;<\/p>\n","protected":false},"author":1,"featured_media":63143,"comment_status":"closed","ping_status":"open","sticky":false,"template":"","format":"standard","meta":{"footnotes":""},"categories":[2],"tags":[],"class_list":{"0":"post-63139","1":"post","2":"type-post","3":"status-publish","4":"format-standard","5":"has-post-thumbnail","7":"category-meri"},"translation":{"provider":"WPGlobus","version":"3.0.2","language":"en","enabled_languages":["es","en"],"languages":{"es":{"title":true,"content":true,"excerpt":false},"en":{"title":false,"content":false,"excerpt":false}}},"menu_order":0,"_links":{"self":[{"href":"https:\/\/fundacionmeri.cl\/en\/wp-json\/wp\/v2\/posts\/63139","targetHints":{"allow":["GET"]}}],"collection":[{"href":"https:\/\/fundacionmeri.cl\/en\/wp-json\/wp\/v2\/posts"}],"about":[{"href":"https:\/\/fundacionmeri.cl\/en\/wp-json\/wp\/v2\/types\/post"}],"author":[{"embeddable":true,"href":"https:\/\/fundacionmeri.cl\/en\/wp-json\/wp\/v2\/users\/1"}],"replies":[{"embeddable":true,"href":"https:\/\/fundacionmeri.cl\/en\/wp-json\/wp\/v2\/comments?post=63139"}],"version-history":[{"count":0,"href":"https:\/\/fundacionmeri.cl\/en\/wp-json\/wp\/v2\/posts\/63139\/revisions"}],"wp:featuredmedia":[{"embeddable":true,"href":"https:\/\/fundacionmeri.cl\/en\/wp-json\/"}],"wp:attachment":[{"href":"https:\/\/fundacionmeri.cl\/en\/wp-json\/wp\/v2\/media?parent=63139"}],"wp:term":[{"taxonomy":"category","embeddable":true,"href":"https:\/\/fundacionmeri.cl\/en\/wp-json\/wp\/v2\/categories?post=63139"},{"taxonomy":"post_tag","embeddable":true,"href":"https:\/\/fundacionmeri.cl\/en\/wp-json\/wp\/v2\/tags?post=63139"}],"curies":[{"name":"wp","href":"https:\/\/api.w.org\/{rel}","templated":true}]}}