{"id":62974,"date":"2018-08-06T15:39:25","date_gmt":"2018-08-06T19:39:25","guid":{"rendered":"http:\/\/www.fundacionmeri.cl\/?p=62974"},"modified":"2018-08-06T15:39:25","modified_gmt":"2018-08-06T19:39:25","slug":"fundacion-meri-presenta-primera-exposicion-de-ballenas-y-ecosistema-marino-chileno-en-el-centro-cultural-la-moneda","status":"publish","type":"post","link":"https:\/\/fundacionmeri.cl\/en\/fundacion-meri-presenta-primera-exposicion-de-ballenas-y-ecosistema-marino-chileno-en-el-centro-cultural-la-moneda\/","title":{"rendered":"Fundaci\u00f3n MERI presenta primera exposici\u00f3n de ballenas y ecosistema marino chileno en el Centro Cultural La Moneda"},"content":{"rendered":"<p><strong><em>La\u00a0muestra, co organizada por Fundaci\u00f3n MERI\u00a0y el Centro Cultural La Moneda,\u00a0re\u00fane elementos\u00a0hist\u00f3ricos, cient\u00edficos y culturales que\u00a0permitir\u00e1n a los asistentes\u00a0sumergirse en uno de los ambientes\u00a0m\u00e1s\u00a0relevantes y\u00a0fr\u00e1giles\u00a0de nuestro planeta.<\/em><\/strong><\/p>\n<p>Desde un esqueleto completo de ballena sei\u00a0\u2013la tercera especie m\u00e1s grande del mundo despu\u00e9s de la azul y la fin-, una balsa realizada en cuero de lobo marino y una colecci\u00f3n de tallados en hueso y dientes de cachalote, son parte de las\u00a0200 piezas\u00a0que forman parte de la exposici\u00f3n\u00a0<strong>\u201cBallenas, Voces del Mar de Chile\u201d<\/strong>, la primera de patrimonio natural que se realiza en el\u00a0<strong>Centro<\/strong>\u00a0<strong>Cultural Palacio de La Moneda y que es coorganizada y patrocinada por Fundaci\u00f3n MERI.<\/strong><\/p>\n<p>La muestra, que estar\u00e1 abierta\u00a0desde el <strong>8 de agosto\u00a0hasta el 13 de noviembre<\/strong>, tiene por objetivo\u00a0sensibilizar\u00a0y\u00a0fomentar la conciencia ciudadana\u00a0respecto de la\u00a0relevancia del oc\u00e9ano\u00a0en el desarrollo hist\u00f3rico, cultural y\u00a0patrimonial de\u00a0Chile, las problem\u00e1ticas vinculadas a la contaminaci\u00f3n\u00a0de los ecosistemas marinos y su impacto en las distintas especies\u00a0que\u00a0los conforman, y en\u00a0particular,\u00a0realizar\u00a0un acercamiento\u00a0a\u00a0las ballenas como animales emblem\u00e1ticos de la conservaci\u00f3n\u00a0de los oc\u00e9anos.<\/p>\n<p>Al respecto, la Presidenta Ejecutiva de Fundacion MERI, Francisca Cort\u00e9s Solari, se\u00f1al\u00f3 que: &#8220;Fundaci\u00f3n MERI, parte del Proyecto Filantr\u00f3pico Cort\u00e9s Solari, tiene entre sus\u00a0principales objetivos la conservaci\u00f3n de la Patagonia Norte y la investigaci\u00f3n cient\u00edfica marina, al servicio de la educaci\u00f3n ambiental. Creemos\u00a0que solo se cuida lo que se ama, raz\u00f3n por la cual es fundamental entender y conocer nuestro ecosistema marino.\u00a0 En ese sentido, la ciencia debe estar al servicio de la educaci\u00f3n y sensibilizaci\u00f3n de nuestro ecosistema\u201d.<\/p>\n<p>La\u00a0exhibici\u00f3n\u00a0incluye\u00a0piezas\u00a0etnogr\u00e1ficas\u00a0\u2013herramientas\u00a0y elementos ornamentales-\u00a0de algunos\u00a0pueblos originarios\u00a0de las costas de Chile,\u00a0diversos documentos hist\u00f3ricos y\u00a0mapas, obras de arte\u00a0y\u00a0fotograf\u00edas,\u00a0entre otros elementos.<\/p>\n<p>Asimismo, Fundaci\u00f3n MERI\u00a0presentar\u00e1 en esta oportunidad algunos de\u00a0los equipamientos t\u00e9cnicos que utilizan sus cient\u00edficos para estudiar a las ballenas y su entorno, incluyendo instrumentos que permiten registrar sus cantos, analizar c\u00f3mo se est\u00e1n alimentando, y estudiar sus desplazamientos y migraciones.\u00a0Tambi\u00e9n, dar\u00e1 a conocer videos y audios con los cantos de ballenas azules, recopilados durante sus expediciones e investigaciones realizadas anualmente en la Patagonia Norte.<\/p>\n<p>&nbsp;    \t<\/p>\n","protected":false},"excerpt":{"rendered":"<p>La\u00a0muestra, co organizada por Fundaci\u00f3n MERI\u00a0y el Centro Cultural La Moneda,\u00a0re\u00fane elementos\u00a0hist\u00f3ricos, cient\u00edficos y culturales que\u00a0permitir\u00e1n a los asistentes\u00a0sumergirse en&#8230;<\/p>\n","protected":false},"author":1,"featured_media":63033,"comment_status":"closed","ping_status":"open","sticky":false,"template":"","format":"standard","meta":{"footnotes":""},"categories":[149,77,2],"tags":[],"class_list":{"0":"post-62974","1":"post","2":"type-post","3":"status-publish","4":"format-standard","5":"has-post-thumbnail","7":"category-vinculacion-con-la-comunidad","8":"category-ballenas-voces-del-mar","9":"category-meri"},"translation":{"provider":"WPGlobus","version":"3.0.2","language":"en","enabled_languages":["es","en"],"languages":{"es":{"title":true,"content":true,"excerpt":false},"en":{"title":false,"content":false,"excerpt":false}}},"menu_order":0,"_links":{"self":[{"href":"https:\/\/fundacionmeri.cl\/en\/wp-json\/wp\/v2\/posts\/62974","targetHints":{"allow":["GET"]}}],"collection":[{"href":"https:\/\/fundacionmeri.cl\/en\/wp-json\/wp\/v2\/posts"}],"about":[{"href":"https:\/\/fundacionmeri.cl\/en\/wp-json\/wp\/v2\/types\/post"}],"author":[{"embeddable":true,"href":"https:\/\/fundacionmeri.cl\/en\/wp-json\/wp\/v2\/users\/1"}],"replies":[{"embeddable":true,"href":"https:\/\/fundacionmeri.cl\/en\/wp-json\/wp\/v2\/comments?post=62974"}],"version-history":[{"count":0,"href":"https:\/\/fundacionmeri.cl\/en\/wp-json\/wp\/v2\/posts\/62974\/revisions"}],"wp:featuredmedia":[{"embeddable":true,"href":"https:\/\/fundacionmeri.cl\/en\/wp-json\/"}],"wp:attachment":[{"href":"https:\/\/fundacionmeri.cl\/en\/wp-json\/wp\/v2\/media?parent=62974"}],"wp:term":[{"taxonomy":"category","embeddable":true,"href":"https:\/\/fundacionmeri.cl\/en\/wp-json\/wp\/v2\/categories?post=62974"},{"taxonomy":"post_tag","embeddable":true,"href":"https:\/\/fundacionmeri.cl\/en\/wp-json\/wp\/v2\/tags?post=62974"}],"curies":[{"name":"wp","href":"https:\/\/api.w.org\/{rel}","templated":true}]}}