{"id":60888,"date":"2015-04-28T16:15:31","date_gmt":"2015-04-28T19:15:31","guid":{"rendered":"http:\/\/www.centromeri.cl\/?p=60888"},"modified":"2020-09-02T11:29:32","modified_gmt":"2020-09-02T14:29:32","slug":"mesa-de-comunicacion-y-bienestar-en-los-animales-el-caso-de-las-ballenas-azules","status":"publish","type":"post","link":"https:\/\/fundacionmeri.cl\/en\/mesa-de-comunicacion-y-bienestar-en-los-animales-el-caso-de-las-ballenas-azules\/","title":{"rendered":"Mesa  de Comunicaci\u00f3n y Bienestar en los Animales, el caso de las Ballenas Azules"},"content":{"rendered":"<p><img class=\"alignnone size-full wp-image-60889\" src=\"http:\/\/www.fundacionmeri.cl\/wp-content\/uploads\/2015\/04\/EDU-MERI.jpg\" alt=\"EDU MERI\" width=\"627\" height=\"291\" \/> Gigantes del Mar, el canto de las Ballenas Azules. Ese fue el t\u00edtulo de la presentaci\u00f3n que expuso Fundaci\u00f3n MERI en el m\u00f3dulo de conversaci\u00f3n \u201ccomunicaci\u00f3n y Bienestar con animales\u201d, que se desarroll\u00f3 en el marco del 4\u00ba Encuentro de Relaciones Saludables y Felicidad. <!--more--> La exposici\u00f3n de Fundaci\u00f3n MERI estuvo a cargo de nuestro Director de Desarrollo, Eduardo Galaz, quien present\u00f3 los proyectos cient\u00edficos Monitoreo Ac\u00fastico y Marcado de Ballenas Azules realizados desde el 2012 en el Golfo Corcovado, regi\u00f3n de Ays\u00e9n, Patagonia norte chilena. \u00a0 En la jornada Eduardo recalc\u00f3 la importancia de seguir desarrollando proyectos de conservaci\u00f3n, ya sean de car\u00e1cter p\u00fablico o privado, con el fin de proteger la gran biodiversidad presente no s\u00f3lo en el sur de Chile, sino en todo nuestro pa\u00eds. \u00a0 La Exposici\u00f3n del MERI, gracias a los argumentos, im\u00e1genes y videos sirvi\u00f3 para dar a conocer nuestro trabajo y logr\u00f3 impactar y emocionar al los asistentes, que lograron dimensionar la urgencia de proteger y conservar nuestro planeta, pues \u201cNadie ama lo que no conoce\u2026y nadie conserva, ni le importa conservar lo que no ama\u2026Conocer para amar, amar para conservar\u201d (Richard 2003). \u00a0 Como Fundaci\u00f3n MERI estamos felices de haber utilizado la plataforma del 4\u00ba Encuentro de Relaciones Saludables y Felicidad para contribuir a generar un cambio de consciencia orientado a que m\u00e1s personas entiendan la emergencia de conservar y cuidar la naturaleza, ya que nuestra propia sobrevivencia como especie depende de las acciones concretas que como humanidad seamos capaces de implementar. \u00a0<\/p>\n","protected":false},"excerpt":{"rendered":"<p>Gigantes del Mar, el canto de las Ballenas Azules. Ese fue el t\u00edtulo de la presentaci\u00f3n que expuso Fundaci\u00f3n MERI&#8230;<\/p>\n","protected":false},"author":1,"featured_media":61892,"comment_status":"closed","ping_status":"closed","sticky":false,"template":"","format":"standard","meta":{"footnotes":""},"categories":[2],"tags":[],"class_list":{"0":"post-60888","1":"post","2":"type-post","3":"status-publish","4":"format-standard","5":"has-post-thumbnail","7":"category-meri"},"translation":{"provider":"WPGlobus","version":"3.0.2","language":"en","enabled_languages":["es","en"],"languages":{"es":{"title":true,"content":true,"excerpt":false},"en":{"title":false,"content":false,"excerpt":false}}},"menu_order":0,"_links":{"self":[{"href":"https:\/\/fundacionmeri.cl\/en\/wp-json\/wp\/v2\/posts\/60888","targetHints":{"allow":["GET"]}}],"collection":[{"href":"https:\/\/fundacionmeri.cl\/en\/wp-json\/wp\/v2\/posts"}],"about":[{"href":"https:\/\/fundacionmeri.cl\/en\/wp-json\/wp\/v2\/types\/post"}],"author":[{"embeddable":true,"href":"https:\/\/fundacionmeri.cl\/en\/wp-json\/wp\/v2\/users\/1"}],"replies":[{"embeddable":true,"href":"https:\/\/fundacionmeri.cl\/en\/wp-json\/wp\/v2\/comments?post=60888"}],"version-history":[{"count":0,"href":"https:\/\/fundacionmeri.cl\/en\/wp-json\/wp\/v2\/posts\/60888\/revisions"}],"wp:featuredmedia":[{"embeddable":true,"href":"https:\/\/fundacionmeri.cl\/en\/wp-json\/"}],"wp:attachment":[{"href":"https:\/\/fundacionmeri.cl\/en\/wp-json\/wp\/v2\/media?parent=60888"}],"wp:term":[{"taxonomy":"category","embeddable":true,"href":"https:\/\/fundacionmeri.cl\/en\/wp-json\/wp\/v2\/categories?post=60888"},{"taxonomy":"post_tag","embeddable":true,"href":"https:\/\/fundacionmeri.cl\/en\/wp-json\/wp\/v2\/tags?post=60888"}],"curies":[{"name":"wp","href":"https:\/\/api.w.org\/{rel}","templated":true}]}}