{"id":60715,"date":"2015-02-10T16:20:58","date_gmt":"2015-02-10T19:20:58","guid":{"rendered":"http:\/\/www.centromeri.cl\/?p=60715"},"modified":"2020-09-02T11:29:04","modified_gmt":"2020-09-02T14:29:04","slug":"conversatorio-de-ecoturismo-en-melimoyu","status":"publish","type":"post","link":"https:\/\/fundacionmeri.cl\/en\/conversatorio-de-ecoturismo-en-melimoyu\/","title":{"rendered":"Conversatorio de Ecoturismo en Melimoyu"},"content":{"rendered":"<p><a href=\"http:\/\/www.fundacionmeri.cl\/wp-content\/uploads\/2015\/02\/Converstario-Ecoturismo.jpg\"><img class=\"aligncenter size-full wp-image-60716\" src=\"http:\/\/www.fundacionmeri.cl\/wp-content\/uploads\/2015\/02\/Converstario-Ecoturismo.jpg\" alt=\"Converstario Ecoturismo\" width=\"623\" height=\"285\" \/><\/a>El viernes 30 de enero, Mitzi Acevedo, Directora de la Carrera de Ecoturismo de la Universidad Andr\u00e9s Bello, sede Vi\u00f1a del Mar, se reuni\u00f3 con las mujeres melimoyanas para participar del Conversatorio de Ecoturismo, que se realiz\u00f3 en la sede de la Junta de Vecinos y que se enmarc\u00f3 en la visita que realiz\u00f3 Mitzi, a la Reserva Natural Melimoyu. <!--more-->\u00a0En el Conversatorio, la Acad\u00e9mica resalt\u00f3 la importancia de no desarrollar cualquier tipo de Turismo y se\u00f1al\u00f3 que al contrario de lo que muchos piensan, el potencial chileno, a nivel internacional, no est\u00e1 precisamente en el turismo de \u201csol y playa\u201d, sino que est\u00e1 en la diversidad natural y sus potencialidades locales. En el reconocimiento de esa potencialidad, y de lo que pudo conversar y observar en su recorrido por La Reserva y el pueblo de Melimoyu, Mitzi, present\u00f3 el concepto de Ecoturismo, <em>\u201c<\/em><em>modalidad tur\u00edstica ambientalmente responsable consistente en visitar \u00e1reas naturales sin disturbar, con el fin de disfrutar, apreciar y estudiar los atractivos naturales (paisaje, flora y fauna silvestres) de dichas \u00e1reas, as\u00ed como cualquier manifestaci\u00f3n cultural (del presente y del pasado) que pueda encontrarse ah\u00ed, a trav\u00e9s de un proceso que promueve la conservaci\u00f3n, tiene bajo impacto ambiental y cultural y propicia un involucramiento activo y socioecon\u00f3micante ben\u00e9fico de las poblaciones locales\u201d<\/em> (Ceballos-Lascur\u00e1in) Este concepto perfectamente se puede desarrollar en Melimoyu tomando en cuenta la riqueza de sus Ecosistemas Terrestres y Marinos, asi como la historia del pueblo, que se remite al \u00faltimo proceso de colinazi\u00f3n llevado a cabo por el Estado chileno en la d\u00e9cada de los 80.<\/p>\n","protected":false},"excerpt":{"rendered":"<p>El viernes 30 de enero, Mitzi Acevedo, Directora de la Carrera de Ecoturismo de la Universidad Andr\u00e9s Bello, sede Vi\u00f1a&#8230;<\/p>\n","protected":false},"author":1,"featured_media":61900,"comment_status":"closed","ping_status":"closed","sticky":false,"template":"","format":"standard","meta":{"footnotes":""},"categories":[2],"tags":[],"class_list":{"0":"post-60715","1":"post","2":"type-post","3":"status-publish","4":"format-standard","5":"has-post-thumbnail","7":"category-meri"},"translation":{"provider":"WPGlobus","version":"3.0.2","language":"en","enabled_languages":["es","en"],"languages":{"es":{"title":true,"content":true,"excerpt":false},"en":{"title":false,"content":false,"excerpt":false}}},"menu_order":0,"_links":{"self":[{"href":"https:\/\/fundacionmeri.cl\/en\/wp-json\/wp\/v2\/posts\/60715","targetHints":{"allow":["GET"]}}],"collection":[{"href":"https:\/\/fundacionmeri.cl\/en\/wp-json\/wp\/v2\/posts"}],"about":[{"href":"https:\/\/fundacionmeri.cl\/en\/wp-json\/wp\/v2\/types\/post"}],"author":[{"embeddable":true,"href":"https:\/\/fundacionmeri.cl\/en\/wp-json\/wp\/v2\/users\/1"}],"replies":[{"embeddable":true,"href":"https:\/\/fundacionmeri.cl\/en\/wp-json\/wp\/v2\/comments?post=60715"}],"version-history":[{"count":0,"href":"https:\/\/fundacionmeri.cl\/en\/wp-json\/wp\/v2\/posts\/60715\/revisions"}],"wp:featuredmedia":[{"embeddable":true,"href":"https:\/\/fundacionmeri.cl\/en\/wp-json\/"}],"wp:attachment":[{"href":"https:\/\/fundacionmeri.cl\/en\/wp-json\/wp\/v2\/media?parent=60715"}],"wp:term":[{"taxonomy":"category","embeddable":true,"href":"https:\/\/fundacionmeri.cl\/en\/wp-json\/wp\/v2\/categories?post=60715"},{"taxonomy":"post_tag","embeddable":true,"href":"https:\/\/fundacionmeri.cl\/en\/wp-json\/wp\/v2\/tags?post=60715"}],"curies":[{"name":"wp","href":"https:\/\/api.w.org\/{rel}","templated":true}]}}